{"id":6410,"date":"2026-08-04T10:48:00","date_gmt":"2026-08-04T08:48:00","guid":{"rendered":"https:\/\/granlenceria.es\/blog\/?p=6410"},"modified":"2026-05-25T10:52:19","modified_gmt":"2026-05-25T08:52:19","slug":"antes-pensaba-que-mi-pecho-era-el-problema-hasta-que-cambio-mi-relacion-con-los-sujetadores","status":"publish","type":"post","link":"https:\/\/granlenceria.es\/blog\/antes-pensaba-que-mi-pecho-era-el-problema-hasta-que-cambio-mi-relacion-con-los-sujetadores\/","title":{"rendered":"Antes pensaba que mi pecho era el problema\u2026 hasta que cambi\u00f3 mi relaci\u00f3n con los sujetadores"},"content":{"rendered":"\n<p>Hay una frase que escuchamos constantemente en tienda:<\/p>\n\n\n\n<p><strong>\u201cYo no soy de sujetadores.\u201d<\/strong><\/p>\n\n\n\n<p>Y casi siempre significa lo mismo.<\/p>\n\n\n\n<p>Que molestan.<br>Que incomodan.<br>Que nunca quedan bien.<br>Que los usas por obligaci\u00f3n\u2026 y te los quitas en cuanto puedes.<\/p>\n\n\n\n<p>Durante a\u00f1os muchas mujeres llegan a la misma conclusi\u00f3n:<\/p>\n\n\n\n<p> \u201cMi pecho es dif\u00edcil.\u201d<br> \u201cNo hay sujetadores para m\u00ed.\u201d<\/p>\n\n\n\n<p>Pero la realidad suele ser otra muy distinta.<\/p>\n\n\n\n<div id=\"ez-toc-container\" class=\"ez-toc-v2_0_85 counter-hierarchy ez-toc-counter ez-toc-grey ez-toc-container-direction\">\n<div class=\"ez-toc-title-container\">\n<p class=\"ez-toc-title\" style=\"cursor:inherit\">\u00bfQu\u00e9 vas a ver?<\/p>\n<span class=\"ez-toc-title-toggle\"><a href=\"#\" class=\"ez-toc-pull-right ez-toc-btn ez-toc-btn-xs ez-toc-btn-default ez-toc-toggle\" aria-label=\"Alternar tabla de contenidos\"><span class=\"ez-toc-js-icon-con\"><span class=\"\"><span class=\"eztoc-hide\" style=\"display:none;\">Toggle<\/span><span class=\"ez-toc-icon-toggle-span\"><svg style=\"fill: #999;color:#999\" xmlns=\"http:\/\/www.w3.org\/2000\/svg\" class=\"list-377408\" width=\"20px\" height=\"20px\" viewBox=\"0 0 24 24\" fill=\"none\"><path d=\"M6 6H4v2h2V6zm14 0H8v2h12V6zM4 11h2v2H4v-2zm16 0H8v2h12v-2zM4 16h2v2H4v-2zm16 0H8v2h12v-2z\" fill=\"currentColor\"><\/path><\/svg><svg style=\"fill: #999;color:#999\" class=\"arrow-unsorted-368013\" xmlns=\"http:\/\/www.w3.org\/2000\/svg\" width=\"10px\" height=\"10px\" viewBox=\"0 0 24 24\" version=\"1.2\" baseProfile=\"tiny\"><path d=\"M18.2 9.3l-6.2-6.3-6.2 6.3c-.2.2-.3.4-.3.7s.1.5.3.7c.2.2.4.3.7.3h11c.3 0 .5-.1.7-.3.2-.2.3-.5.3-.7s-.1-.5-.3-.7zM5.8 14.7l6.2 6.3 6.2-6.3c.2-.2.3-.5.3-.7s-.1-.5-.3-.7c-.2-.2-.4-.3-.7-.3h-11c-.3 0-.5.1-.7.3-.2.2-.3.5-.3.7s.1.5.3.7z\"\/><\/svg><\/span><\/span><\/span><\/a><\/span><\/div>\n<nav><ul class='ez-toc-list ez-toc-list-level-1 ' ><li class='ez-toc-page-1 ez-toc-heading-level-1'><a class=\"ez-toc-link ez-toc-heading-1\" href=\"https:\/\/granlenceria.es\/blog\/antes-pensaba-que-mi-pecho-era-el-problema-hasta-que-cambio-mi-relacion-con-los-sujetadores\/#Cuando_te_acostumbras_a_vivir_incomoda_sin_darte_cuenta\" >Cuando te acostumbras a vivir inc\u00f3moda sin darte cuenta<\/a><\/li><li class='ez-toc-page-1 ez-toc-heading-level-1'><a class=\"ez-toc-link ez-toc-heading-2\" href=\"https:\/\/granlenceria.es\/blog\/antes-pensaba-que-mi-pecho-era-el-problema-hasta-que-cambio-mi-relacion-con-los-sujetadores\/#Por_que_muchas_mujeres_compran_sujetadores_que_luego_no_usan\" >Por qu\u00e9 muchas mujeres compran sujetadores que luego no usan<\/a><\/li><li class='ez-toc-page-1 ez-toc-heading-level-1'><a class=\"ez-toc-link ez-toc-heading-3\" href=\"https:\/\/granlenceria.es\/blog\/antes-pensaba-que-mi-pecho-era-el-problema-hasta-que-cambio-mi-relacion-con-los-sujetadores\/#La_relacion_invisible_entre_sujetador_y_armario\" >La relaci\u00f3n invisible entre sujetador y armario<\/a><ul class='ez-toc-list-level-3' ><li class='ez-toc-heading-level-3'><ul class='ez-toc-list-level-3' ><li class='ez-toc-heading-level-3'><a class=\"ez-toc-link ez-toc-heading-4\" href=\"https:\/\/granlenceria.es\/blog\/antes-pensaba-que-mi-pecho-era-el-problema-hasta-que-cambio-mi-relacion-con-los-sujetadores\/#Empiezas_a_descartar_prendas_antes_de_probartelas\" >Empiezas a descartar prendas antes de prob\u00e1rtelas<\/a><\/li><li class='ez-toc-page-1 ez-toc-heading-level-3'><a class=\"ez-toc-link ez-toc-heading-5\" href=\"https:\/\/granlenceria.es\/blog\/antes-pensaba-que-mi-pecho-era-el-problema-hasta-que-cambio-mi-relacion-con-los-sujetadores\/#Repites_siempre_los_mismos_looks\" >Repites siempre los mismos looks<\/a><\/li><li class='ez-toc-page-1 ez-toc-heading-level-3'><a class=\"ez-toc-link ez-toc-heading-6\" href=\"https:\/\/granlenceria.es\/blog\/antes-pensaba-que-mi-pecho-era-el-problema-hasta-que-cambio-mi-relacion-con-los-sujetadores\/#Te_acostumbras_a_no_sentirte_del_todo_comoda\" >Te acostumbras a no sentirte del todo c\u00f3moda<\/a><\/li><\/ul><\/li><\/ul><\/li><li class='ez-toc-page-1 ez-toc-heading-level-1'><a class=\"ez-toc-link ez-toc-heading-7\" href=\"https:\/\/granlenceria.es\/blog\/antes-pensaba-que-mi-pecho-era-el-problema-hasta-que-cambio-mi-relacion-con-los-sujetadores\/#Lo_que_cambia_cuando_por_fin_encuentras_uno_que_si_funciona\" >Lo que cambia cuando por fin encuentras uno que s\u00ed funciona<\/a><\/li><li class='ez-toc-page-1 ez-toc-heading-level-1'><a class=\"ez-toc-link ez-toc-heading-8\" href=\"https:\/\/granlenceria.es\/blog\/antes-pensaba-que-mi-pecho-era-el-problema-hasta-que-cambio-mi-relacion-con-los-sujetadores\/#El_momento_en_que_dejas_de_pensar_en_tu_pecho_todo_el_dia\" >El momento en que dejas de pensar en tu pecho todo el d\u00eda<\/a><\/li><li class='ez-toc-page-1 ez-toc-heading-level-1'><a class=\"ez-toc-link ez-toc-heading-9\" href=\"https:\/\/granlenceria.es\/blog\/antes-pensaba-que-mi-pecho-era-el-problema-hasta-que-cambio-mi-relacion-con-los-sujetadores\/#De_resignacion_a_tranquilidad_el_cambio_que_nadie_espera\" >De resignaci\u00f3n a tranquilidad: el cambio que nadie espera<\/a><\/li><li class='ez-toc-page-1 ez-toc-heading-level-1'><a class=\"ez-toc-link ez-toc-heading-10\" href=\"https:\/\/granlenceria.es\/blog\/antes-pensaba-que-mi-pecho-era-el-problema-hasta-que-cambio-mi-relacion-con-los-sujetadores\/#Lo_que_cambia_cuando_dejas_de_%E2%80%9Caguantar%E2%80%9D_tu_sujetador\" >Lo que cambia cuando dejas de \u201caguantar\u201d tu sujetador<\/a><\/li><li class='ez-toc-page-1 ez-toc-heading-level-1'><a class=\"ez-toc-link ez-toc-heading-11\" href=\"https:\/\/granlenceria.es\/blog\/antes-pensaba-que-mi-pecho-era-el-problema-hasta-que-cambio-mi-relacion-con-los-sujetadores\/#El_cambio_no_es_radical_Es_silencioso\" >El cambio no es radical. Es silencioso.<\/a><\/li><\/ul><\/nav><\/div>\n<h1 class=\"wp-block-heading\"><span class=\"ez-toc-section\" id=\"Cuando_te_acostumbras_a_vivir_incomoda_sin_darte_cuenta\"><\/span>Cuando te acostumbras a vivir inc\u00f3moda sin darte cuenta<span class=\"ez-toc-section-end\"><\/span><\/h1>\n\n\n\n<p>Lo curioso de la incomodidad es que, cuando dura mucho tiempo, deja de parecer un problema.<\/p>\n\n\n\n<p>Se convierte en costumbre.<\/p>\n\n\n\n<p>Te acostumbras a:<\/p>\n\n\n\n<ul class=\"wp-block-list\">\n<li>recolocarte el sujetador durante el d\u00eda<\/li>\n\n\n\n<li>ajustar los tirantes constantemente<\/li>\n\n\n\n<li>elegir ropa pensando en \u201cque no se note\u201d<\/li>\n\n\n\n<li>desear llegar a casa para quit\u00e1rtelo<\/li>\n<\/ul>\n\n\n\n<p>Y llega un punto en el que ni siquiera te planteas que pueda ser diferente.<\/p>\n\n\n\n<p>Simplemente crees que <strong>llevar sujetador es as\u00ed<\/strong>.<\/p>\n\n\n\n<figure class=\"wp-block-image size-large is-resized\"><a href=\"https:\/\/sendfox.com\/lp\/m4pyql ?utm_source=blog &amp;utm_medium=cta &amp;utm_campaign=calculadora_6_medidas &amp;utm_content=cta_articulo_pezones_marcados\"><img decoding=\"async\" width=\"1024\" height=\"576\" src=\"https:\/\/granlenceria.es\/blog\/wp-content\/uploads\/2025\/07\/suscripcion-calculadora-1024x576.jpg\" alt=\"calculadora talla sujetador\" class=\"wp-image-6176\" style=\"width:544px;height:auto\" srcset=\"https:\/\/granlenceria.es\/blog\/wp-content\/uploads\/2025\/07\/suscripcion-calculadora-1024x576.jpg 1024w, https:\/\/granlenceria.es\/blog\/wp-content\/uploads\/2025\/07\/suscripcion-calculadora-300x169.jpg 300w, https:\/\/granlenceria.es\/blog\/wp-content\/uploads\/2025\/07\/suscripcion-calculadora-768x432.jpg 768w, https:\/\/granlenceria.es\/blog\/wp-content\/uploads\/2025\/07\/suscripcion-calculadora-1536x864.jpg 1536w, https:\/\/granlenceria.es\/blog\/wp-content\/uploads\/2025\/07\/suscripcion-calculadora-2048x1152.jpg 2048w\" sizes=\"(max-width: 1024px) 100vw, 1024px\" \/><\/a><\/figure>\n\n\n\n<h1 class=\"wp-block-heading\"><span class=\"ez-toc-section\" id=\"Por_que_muchas_mujeres_compran_sujetadores_que_luego_no_usan\"><\/span>Por qu\u00e9 muchas mujeres compran sujetadores que luego no usan<span class=\"ez-toc-section-end\"><\/span><\/h1>\n\n\n\n<p>Si miras tu caj\u00f3n de ropa interior, probablemente haya varios sujetadores que casi no utilizas.<\/p>\n\n\n\n<p>Los compraste con ilusi\u00f3n.<br>Te parecieron bonitos.<br>Pensaste que \u201cesta vez s\u00ed\u201d.<\/p>\n\n\n\n<p>Y sin embargo:<\/p>\n\n\n\n<ul class=\"wp-block-list\">\n<li>te molestan<\/li>\n\n\n\n<li>no te apetece pon\u00e9rtelos<\/li>\n\n\n\n<li>eliges siempre los mismos dos o tres<\/li>\n<\/ul>\n\n\n\n<p>No porque los dem\u00e1s est\u00e9n rotos.<br>Sino porque <strong>no te hacen sentir c\u00f3moda<\/strong>.<\/p>\n\n\n\n<p>Y esto tiene un impacto m\u00e1s grande de lo que parece.<\/p>\n\n\n\n<h1 class=\"wp-block-heading\"><span class=\"ez-toc-section\" id=\"La_relacion_invisible_entre_sujetador_y_armario\"><\/span>La relaci\u00f3n invisible entre sujetador y armario<span class=\"ez-toc-section-end\"><\/span><\/h1>\n\n\n\n<p>Cuando un sujetador no funciona bien, tu forma de vestir cambia sin darte cuenta.<\/p>\n\n\n\n<p>Empiezas a construir tu armario alrededor de lo que tu sujetador permite.<\/p>\n\n\n\n<h3 class=\"wp-block-heading\"><span class=\"ez-toc-section\" id=\"Empiezas_a_descartar_prendas_antes_de_probartelas\"><\/span>Empiezas a descartar prendas antes de prob\u00e1rtelas<span class=\"ez-toc-section-end\"><\/span><\/h3>\n\n\n\n<p>\u201cEsto no puedo porque se me ve el pecho raro.\u201d<br>\u201cEsto no me queda bien arriba.\u201d<br>\u201cEste escote no es para m\u00ed.\u201d<\/p>\n\n\n\n<p>Muchas veces no es la prenda.<br>Es la base.<\/p>\n\n\n\n<figure class=\"wp-block-gallery has-nested-images columns-default is-cropped wp-block-gallery-1 is-layout-flex wp-block-gallery-is-layout-flex\">\n<figure class=\"wp-block-image size-large\"><a href=\"https:\/\/granlenceria.es\/blog\/wp-content\/uploads\/2026\/05\/pexels-ron-lach-8454351.jpg\"><img decoding=\"async\" width=\"682\" height=\"1024\" data-id=\"6412\" src=\"https:\/\/granlenceria.es\/blog\/wp-content\/uploads\/2026\/05\/pexels-ron-lach-8454351-682x1024.jpg\" alt=\"\" class=\"wp-image-6412\" srcset=\"https:\/\/granlenceria.es\/blog\/wp-content\/uploads\/2026\/05\/pexels-ron-lach-8454351-682x1024.jpg 682w, https:\/\/granlenceria.es\/blog\/wp-content\/uploads\/2026\/05\/pexels-ron-lach-8454351-200x300.jpg 200w, https:\/\/granlenceria.es\/blog\/wp-content\/uploads\/2026\/05\/pexels-ron-lach-8454351-768x1152.jpg 768w, https:\/\/granlenceria.es\/blog\/wp-content\/uploads\/2026\/05\/pexels-ron-lach-8454351-1024x1536.jpg 1024w, https:\/\/granlenceria.es\/blog\/wp-content\/uploads\/2026\/05\/pexels-ron-lach-8454351-1365x2048.jpg 1365w, https:\/\/granlenceria.es\/blog\/wp-content\/uploads\/2026\/05\/pexels-ron-lach-8454351.jpg 1706w\" sizes=\"(max-width: 682px) 100vw, 682px\" \/><\/a><\/figure>\n<\/figure>\n\n\n\n<h3 class=\"wp-block-heading\"><span class=\"ez-toc-section\" id=\"Repites_siempre_los_mismos_looks\"><\/span>Repites siempre los mismos looks<span class=\"ez-toc-section-end\"><\/span><\/h3>\n\n\n\n<p>Encuentras combinaciones que \u201cfuncionan\u201d y te quedas ah\u00ed.<\/p>\n\n\n\n<p>No porque te encanten.<br>Sino porque sabes que no te dar\u00e1n problemas.<\/p>\n\n\n\n<p>Tu armario se vuelve m\u00e1s peque\u00f1o sin que lo notes.<\/p>\n\n\n\n<h3 class=\"wp-block-heading\"><span class=\"ez-toc-section\" id=\"Te_acostumbras_a_no_sentirte_del_todo_comoda\"><\/span>Te acostumbras a no sentirte del todo c\u00f3moda<span class=\"ez-toc-section-end\"><\/span><\/h3>\n\n\n\n<p>No est\u00e1s inc\u00f3moda del todo\u2026<br>pero tampoco c\u00f3moda de verdad.<\/p>\n\n\n\n<p>Y esa diferencia es enorme.<\/p>\n\n\n\n<h1 class=\"wp-block-heading\"><span class=\"ez-toc-section\" id=\"Lo_que_cambia_cuando_por_fin_encuentras_uno_que_si_funciona\"><\/span>Lo que cambia cuando por fin encuentras uno que s\u00ed funciona<span class=\"ez-toc-section-end\"><\/span><\/h1>\n\n\n\n<p>El cambio no suele ser espectacular ni dram\u00e1tico.<\/p>\n\n\n\n<p>Es mucho m\u00e1s sencillo\u2026 y mucho m\u00e1s potente.<\/p>\n\n\n\n<p>Empiezas a notar peque\u00f1os detalles:<\/p>\n\n\n\n<ul class=\"wp-block-list\">\n<li>no piensas en el sujetador durante el d\u00eda<\/li>\n\n\n\n<li>la ropa encaja mejor sin esfuerzo<\/li>\n\n\n\n<li>no tienes prisa por quit\u00e1rtelo al llegar a casa<\/li>\n<\/ul>\n\n\n\n<p>Y entonces aparece una sensaci\u00f3n inesperada:<\/p>\n\n\n\n<p><strong>normalidad.<\/strong><\/p>\n\n\n\n<h1 class=\"wp-block-heading\"><span class=\"ez-toc-section\" id=\"El_momento_en_que_dejas_de_pensar_en_tu_pecho_todo_el_dia\"><\/span>El momento en que dejas de pensar en tu pecho todo el d\u00eda<span class=\"ez-toc-section-end\"><\/span><\/h1>\n\n\n\n<p>Cuando el sujetador no funciona, el pecho se convierte en una preocupaci\u00f3n constante.<\/p>\n\n\n\n<p>\u00bfSe mueve demasiado?<br>\u00bfSe marca?<br>\u00bfSe ve raro con esta camiseta?<br>\u00bfMe molesta?<\/p>\n\n\n\n<p>Cuando s\u00ed funciona, todo eso desaparece.<\/p>\n\n\n\n<p>Y ocurre algo curioso:<br>dejas de pensar en tu pecho.<\/p>\n\n\n\n<p>No porque desaparezca.<br>Porque deja de ser un problema.<\/p>\n\n\n\n<figure class=\"wp-block-image size-large is-resized\"><a href=\"https:\/\/granlenceria.es\/blog\/wp-content\/uploads\/2026\/05\/pexels-cottonbro-6568241.jpg\"><img decoding=\"async\" width=\"682\" height=\"1024\" src=\"https:\/\/granlenceria.es\/blog\/wp-content\/uploads\/2026\/05\/pexels-cottonbro-6568241-682x1024.jpg\" alt=\"\" class=\"wp-image-6411\" style=\"aspect-ratio:0.6660306998525714;width:233px;height:auto\" srcset=\"https:\/\/granlenceria.es\/blog\/wp-content\/uploads\/2026\/05\/pexels-cottonbro-6568241-682x1024.jpg 682w, https:\/\/granlenceria.es\/blog\/wp-content\/uploads\/2026\/05\/pexels-cottonbro-6568241-200x300.jpg 200w, https:\/\/granlenceria.es\/blog\/wp-content\/uploads\/2026\/05\/pexels-cottonbro-6568241-768x1152.jpg 768w, https:\/\/granlenceria.es\/blog\/wp-content\/uploads\/2026\/05\/pexels-cottonbro-6568241-1024x1536.jpg 1024w, https:\/\/granlenceria.es\/blog\/wp-content\/uploads\/2026\/05\/pexels-cottonbro-6568241-1365x2048.jpg 1365w, https:\/\/granlenceria.es\/blog\/wp-content\/uploads\/2026\/05\/pexels-cottonbro-6568241.jpg 1706w\" sizes=\"(max-width: 682px) 100vw, 682px\" \/><\/a><\/figure>\n\n\n\n<h1 class=\"wp-block-heading\"><span class=\"ez-toc-section\" id=\"De_resignacion_a_tranquilidad_el_cambio_que_nadie_espera\"><\/span>De resignaci\u00f3n a tranquilidad: el cambio que nadie espera<span class=\"ez-toc-section-end\"><\/span><\/h1>\n\n\n\n<p>Muchas mujeres creen que el cambio ser\u00e1 visual.<\/p>\n\n\n\n<p>Pero lo primero que cambia no es lo que ves en el espejo.<br>Es lo que sientes durante el d\u00eda.<\/p>\n\n\n\n<p>Aparece la tranquilidad de no estar pendiente.<br>De no recolocar.<br>De no pensar en ello constantemente.<\/p>\n\n\n\n<p>Y esa tranquilidad se nota en todo lo dem\u00e1s.<\/p>\n\n\n\n<h1 class=\"wp-block-heading\"><span class=\"ez-toc-section\" id=\"Lo_que_cambia_cuando_dejas_de_%E2%80%9Caguantar%E2%80%9D_tu_sujetador\"><\/span>Lo que cambia cuando dejas de \u201caguantar\u201d tu sujetador<span class=\"ez-toc-section-end\"><\/span><\/h1>\n\n\n\n<p>Cuando un sujetador deja de ser algo que soportas y pasa a ser algo que te acompa\u00f1a:<\/p>\n\n\n\n<ul class=\"wp-block-list\">\n<li>tu ropa deja de condicionarte<\/li>\n\n\n\n<li>tu caj\u00f3n deja de llenarse de compras fallidas<\/li>\n\n\n\n<li>vestirte se vuelve m\u00e1s sencillo<\/li>\n<\/ul>\n\n\n\n<p>Y lo m\u00e1s importante:<\/p>\n\n\n\n<p>Dejas de sentir que tu pecho es un problema que gestionar cada d\u00eda.<\/p>\n\n\n\n<figure class=\"wp-block-image size-large\"><a href=\"https:\/\/granlenceria.es\/\"><img decoding=\"async\" width=\"1024\" height=\"256\" src=\"https:\/\/granlenceria.es\/blog\/wp-content\/uploads\/2024\/01\/Banner-Electronica-y-Tecnologia-Exhibicion-Moderno-Retractable-Azul-y-Rosa-1024x256.jpg\" alt=\"sujetadores para pechos grandes\" class=\"wp-image-5818\" srcset=\"https:\/\/granlenceria.es\/blog\/wp-content\/uploads\/2024\/01\/Banner-Electronica-y-Tecnologia-Exhibicion-Moderno-Retractable-Azul-y-Rosa-1024x256.jpg 1024w, https:\/\/granlenceria.es\/blog\/wp-content\/uploads\/2024\/01\/Banner-Electronica-y-Tecnologia-Exhibicion-Moderno-Retractable-Azul-y-Rosa-300x75.jpg 300w, https:\/\/granlenceria.es\/blog\/wp-content\/uploads\/2024\/01\/Banner-Electronica-y-Tecnologia-Exhibicion-Moderno-Retractable-Azul-y-Rosa-768x192.jpg 768w, https:\/\/granlenceria.es\/blog\/wp-content\/uploads\/2024\/01\/Banner-Electronica-y-Tecnologia-Exhibicion-Moderno-Retractable-Azul-y-Rosa-1536x384.jpg 1536w, https:\/\/granlenceria.es\/blog\/wp-content\/uploads\/2024\/01\/Banner-Electronica-y-Tecnologia-Exhibicion-Moderno-Retractable-Azul-y-Rosa-2048x512.jpg 2048w\" sizes=\"(max-width: 1024px) 100vw, 1024px\" \/><\/a><\/figure>\n\n\n\n<h1 class=\"wp-block-heading\"><span class=\"ez-toc-section\" id=\"El_cambio_no_es_radical_Es_silencioso\"><\/span>El cambio no es radical. Es silencioso.<span class=\"ez-toc-section-end\"><\/span><\/h1>\n\n\n\n<p>No hay fuegos artificiales.<br>No hay magia.<\/p>\n\n\n\n<p>Solo ocurre algo mucho m\u00e1s valioso:<\/p>\n\n\n\n<p>Un d\u00eda te das cuenta de que llevas horas con el sujetador\u2026<br>y no has pensado en \u00e9l ni una sola vez.<\/p>\n\n\n\n<p>Y ah\u00ed entiendes que el problema nunca fue tu pecho.<\/p>\n\n\n\n<p>Solo faltaba la base adecuada.<\/p>\n\n\n\n<p><\/p>\n","protected":false},"excerpt":{"rendered":"<p>Hay una frase que escuchamos constantemente en tienda: \u201cYo no soy de sujetadores.\u201d Y casi siempre significa lo mismo. Que molestan.Que incomodan.Que nunca quedan bien.Que los usas por obligaci\u00f3n\u2026 y te los quitas en cuanto puedes. Durante a\u00f1os muchas mujeres llegan a la misma conclusi\u00f3n: \u201cMi pecho es dif\u00edcil.\u201d \u201cNo hay sujetadores para m\u00ed.\u201d Pero [&hellip;]<\/p>\n","protected":false},"author":279,"featured_media":6412,"comment_status":"open","ping_status":"open","sticky":false,"template":"","format":"standard","meta":{"rop_custom_images_group":[],"rop_custom_messages_group":[],"rop_publish_now":"initial","rop_publish_now_accounts":{"twitter_4001688147_4001688147":""},"rop_publish_now_history":[],"rop_publish_now_status":"pending","_exactmetrics_skip_tracking":false,"_genesis_hide_title":false,"_genesis_hide_breadcrumbs":false,"_genesis_hide_singular_image":false,"_genesis_hide_footer_widgets":false,"_genesis_custom_body_class":"","_genesis_custom_post_class":"","_genesis_layout":"","_themeisle_gutenberg_block_has_review":false,"footnotes":""},"categories":[10,14],"tags":[],"class_list":{"0":"post-6410","1":"post","2":"type-post","3":"status-publish","4":"format-standard","5":"has-post-thumbnail","7":"category-informacion","8":"category-salud","9":"entry"},"yoast_head":"<!-- This site is optimized with the Yoast SEO plugin v28.1 - https:\/\/yoast.com\/product\/yoast-seo-wordpress\/ -->\n<title>Antes pensaba que mi pecho era el problema\u2026 hasta que cambi\u00f3 mi relaci\u00f3n con los sujetadores - Blog de GranLenceria<\/title>\n<meta name=\"description\" content=\"Lo curioso de la incomodidad es que, cuando dura mucho tiempo, deja de parecer un problema.\" \/>\n<meta name=\"robots\" content=\"index, follow, max-snippet:-1, max-image-preview:large, max-video-preview:-1\" \/>\n<link rel=\"canonical\" href=\"https:\/\/granlenceria.es\/blog\/antes-pensaba-que-mi-pecho-era-el-problema-hasta-que-cambio-mi-relacion-con-los-sujetadores\/\" \/>\n<meta property=\"og:locale\" content=\"es_ES\" \/>\n<meta property=\"og:type\" content=\"article\" \/>\n<meta property=\"og:title\" content=\"Antes pensaba que mi pecho era el problema\u2026 hasta que cambi\u00f3 mi relaci\u00f3n con los sujetadores - Blog de GranLenceria\" \/>\n<meta property=\"og:description\" content=\"Lo curioso de la incomodidad es que, cuando dura mucho tiempo, deja de parecer un problema.\" \/>\n<meta property=\"og:url\" content=\"https:\/\/granlenceria.es\/blog\/antes-pensaba-que-mi-pecho-era-el-problema-hasta-que-cambio-mi-relacion-con-los-sujetadores\/\" \/>\n<meta property=\"og:site_name\" content=\"Blog de GranLenceria\" \/>\n<meta property=\"article:publisher\" content=\"https:\/\/www.facebook.com\/granlenceria.es\/\" \/>\n<meta property=\"article:published_time\" content=\"2026-08-04T08:48:00+00:00\" \/>\n<meta property=\"og:image\" content=\"https:\/\/granlenceria.es\/blog\/wp-content\/uploads\/2026\/05\/pexels-ron-lach-8454351.jpg\" \/>\n\t<meta property=\"og:image:width\" content=\"1706\" \/>\n\t<meta property=\"og:image:height\" content=\"2560\" \/>\n\t<meta property=\"og:image:type\" content=\"image\/jpeg\" \/>\n<meta name=\"author\" content=\"Juliana\" \/>\n<meta name=\"twitter:card\" content=\"summary_large_image\" \/>\n<meta name=\"twitter:creator\" content=\"@GranLenceria_es\" \/>\n<meta name=\"twitter:site\" content=\"@GranLenceria_es\" \/>\n<meta name=\"twitter:label1\" content=\"Escrito por\" \/>\n\t<meta name=\"twitter:data1\" content=\"Juliana\" \/>\n\t<meta name=\"twitter:label2\" content=\"Tiempo de lectura\" \/>\n\t<meta name=\"twitter:data2\" content=\"4 minutos\" \/>\n<script type=\"application\/ld+json\" class=\"yoast-schema-graph\">{\"@context\":\"https:\\\/\\\/schema.org\",\"@graph\":[{\"@type\":\"Article\",\"@id\":\"https:\\\/\\\/granlenceria.es\\\/blog\\\/antes-pensaba-que-mi-pecho-era-el-problema-hasta-que-cambio-mi-relacion-con-los-sujetadores\\\/#article\",\"isPartOf\":{\"@id\":\"https:\\\/\\\/granlenceria.es\\\/blog\\\/antes-pensaba-que-mi-pecho-era-el-problema-hasta-que-cambio-mi-relacion-con-los-sujetadores\\\/\"},\"author\":{\"name\":\"Juliana\",\"@id\":\"https:\\\/\\\/granlenceria.es\\\/blog\\\/#\\\/schema\\\/person\\\/62787dd53efc1c48118f4421a0ec426c\"},\"headline\":\"Antes pensaba que mi pecho era el problema\u2026 hasta que cambi\u00f3 mi relaci\u00f3n con los sujetadores\",\"datePublished\":\"2026-08-04T08:48:00+00:00\",\"mainEntityOfPage\":{\"@id\":\"https:\\\/\\\/granlenceria.es\\\/blog\\\/antes-pensaba-que-mi-pecho-era-el-problema-hasta-que-cambio-mi-relacion-con-los-sujetadores\\\/\"},\"wordCount\":714,\"commentCount\":0,\"publisher\":{\"@id\":\"https:\\\/\\\/granlenceria.es\\\/blog\\\/#organization\"},\"image\":{\"@id\":\"https:\\\/\\\/granlenceria.es\\\/blog\\\/antes-pensaba-que-mi-pecho-era-el-problema-hasta-que-cambio-mi-relacion-con-los-sujetadores\\\/#primaryimage\"},\"thumbnailUrl\":\"https:\\\/\\\/granlenceria.es\\\/blog\\\/wp-content\\\/uploads\\\/2026\\\/05\\\/pexels-ron-lach-8454351.jpg\",\"articleSection\":[\"Informaci\u00f3n lencera\",\"Salud\"],\"inLanguage\":\"es\",\"potentialAction\":[{\"@type\":\"CommentAction\",\"name\":\"Comment\",\"target\":[\"https:\\\/\\\/granlenceria.es\\\/blog\\\/antes-pensaba-que-mi-pecho-era-el-problema-hasta-que-cambio-mi-relacion-con-los-sujetadores\\\/#respond\"]}]},{\"@type\":\"WebPage\",\"@id\":\"https:\\\/\\\/granlenceria.es\\\/blog\\\/antes-pensaba-que-mi-pecho-era-el-problema-hasta-que-cambio-mi-relacion-con-los-sujetadores\\\/\",\"url\":\"https:\\\/\\\/granlenceria.es\\\/blog\\\/antes-pensaba-que-mi-pecho-era-el-problema-hasta-que-cambio-mi-relacion-con-los-sujetadores\\\/\",\"name\":\"Antes pensaba que mi pecho era el problema\u2026 hasta que cambi\u00f3 mi relaci\u00f3n con los sujetadores - Blog de GranLenceria\",\"isPartOf\":{\"@id\":\"https:\\\/\\\/granlenceria.es\\\/blog\\\/#website\"},\"primaryImageOfPage\":{\"@id\":\"https:\\\/\\\/granlenceria.es\\\/blog\\\/antes-pensaba-que-mi-pecho-era-el-problema-hasta-que-cambio-mi-relacion-con-los-sujetadores\\\/#primaryimage\"},\"image\":{\"@id\":\"https:\\\/\\\/granlenceria.es\\\/blog\\\/antes-pensaba-que-mi-pecho-era-el-problema-hasta-que-cambio-mi-relacion-con-los-sujetadores\\\/#primaryimage\"},\"thumbnailUrl\":\"https:\\\/\\\/granlenceria.es\\\/blog\\\/wp-content\\\/uploads\\\/2026\\\/05\\\/pexels-ron-lach-8454351.jpg\",\"datePublished\":\"2026-08-04T08:48:00+00:00\",\"description\":\"Lo curioso de la incomodidad es que, cuando dura mucho tiempo, deja de parecer un problema.\",\"breadcrumb\":{\"@id\":\"https:\\\/\\\/granlenceria.es\\\/blog\\\/antes-pensaba-que-mi-pecho-era-el-problema-hasta-que-cambio-mi-relacion-con-los-sujetadores\\\/#breadcrumb\"},\"inLanguage\":\"es\",\"potentialAction\":[{\"@type\":\"ReadAction\",\"target\":[\"https:\\\/\\\/granlenceria.es\\\/blog\\\/antes-pensaba-que-mi-pecho-era-el-problema-hasta-que-cambio-mi-relacion-con-los-sujetadores\\\/\"]}]},{\"@type\":\"ImageObject\",\"inLanguage\":\"es\",\"@id\":\"https:\\\/\\\/granlenceria.es\\\/blog\\\/antes-pensaba-que-mi-pecho-era-el-problema-hasta-que-cambio-mi-relacion-con-los-sujetadores\\\/#primaryimage\",\"url\":\"https:\\\/\\\/granlenceria.es\\\/blog\\\/wp-content\\\/uploads\\\/2026\\\/05\\\/pexels-ron-lach-8454351.jpg\",\"contentUrl\":\"https:\\\/\\\/granlenceria.es\\\/blog\\\/wp-content\\\/uploads\\\/2026\\\/05\\\/pexels-ron-lach-8454351.jpg\",\"width\":1706,\"height\":2560},{\"@type\":\"BreadcrumbList\",\"@id\":\"https:\\\/\\\/granlenceria.es\\\/blog\\\/antes-pensaba-que-mi-pecho-era-el-problema-hasta-que-cambio-mi-relacion-con-los-sujetadores\\\/#breadcrumb\",\"itemListElement\":[{\"@type\":\"ListItem\",\"position\":1,\"name\":\"Portada\",\"item\":\"https:\\\/\\\/granlenceria.es\\\/blog\\\/\"},{\"@type\":\"ListItem\",\"position\":2,\"name\":\"Antes pensaba que mi pecho era el problema\u2026 hasta que cambi\u00f3 mi relaci\u00f3n con los sujetadores\"}]},{\"@type\":\"WebSite\",\"@id\":\"https:\\\/\\\/granlenceria.es\\\/blog\\\/#website\",\"url\":\"https:\\\/\\\/granlenceria.es\\\/blog\\\/\",\"name\":\"Blog de GranLenceria\",\"description\":\"El blog de la lenceria de tallas grandes\",\"publisher\":{\"@id\":\"https:\\\/\\\/granlenceria.es\\\/blog\\\/#organization\"},\"potentialAction\":[{\"@type\":\"SearchAction\",\"target\":{\"@type\":\"EntryPoint\",\"urlTemplate\":\"https:\\\/\\\/granlenceria.es\\\/blog\\\/?s={search_term_string}\"},\"query-input\":{\"@type\":\"PropertyValueSpecification\",\"valueRequired\":true,\"valueName\":\"search_term_string\"}}],\"inLanguage\":\"es\"},{\"@type\":\"Organization\",\"@id\":\"https:\\\/\\\/granlenceria.es\\\/blog\\\/#organization\",\"name\":\"GranLenceria.es\",\"url\":\"https:\\\/\\\/granlenceria.es\\\/blog\\\/\",\"logo\":{\"@type\":\"ImageObject\",\"inLanguage\":\"es\",\"@id\":\"https:\\\/\\\/granlenceria.es\\\/blog\\\/#\\\/schema\\\/logo\\\/image\\\/\",\"url\":\"https:\\\/\\\/granlenceria.es\\\/blog\\\/wp-content\\\/uploads\\\/2015\\\/10\\\/cropped-logo.es-2.jpg\",\"contentUrl\":\"https:\\\/\\\/granlenceria.es\\\/blog\\\/wp-content\\\/uploads\\\/2015\\\/10\\\/cropped-logo.es-2.jpg\",\"width\":270,\"height\":80,\"caption\":\"GranLenceria.es\"},\"image\":{\"@id\":\"https:\\\/\\\/granlenceria.es\\\/blog\\\/#\\\/schema\\\/logo\\\/image\\\/\"},\"sameAs\":[\"https:\\\/\\\/www.facebook.com\\\/granlenceria.es\\\/\",\"https:\\\/\\\/x.com\\\/GranLenceria_es\",\"https:\\\/\\\/www.instagram.com\\\/granlenceria\\\/\",\"https:\\\/\\\/www.youtube.com\\\/channel\\\/UCBi0cJfMXIqNY62iHqezQkQ\"]},{\"@type\":\"Person\",\"@id\":\"https:\\\/\\\/granlenceria.es\\\/blog\\\/#\\\/schema\\\/person\\\/62787dd53efc1c48118f4421a0ec426c\",\"name\":\"Juliana\",\"image\":{\"@type\":\"ImageObject\",\"inLanguage\":\"es\",\"@id\":\"https:\\\/\\\/secure.gravatar.com\\\/avatar\\\/4265c799d9ffbb1a02d65c208b83cefca70fadbc55457e96f73cb6afe7c7db15?s=96&d=mm&r=g\",\"url\":\"https:\\\/\\\/secure.gravatar.com\\\/avatar\\\/4265c799d9ffbb1a02d65c208b83cefca70fadbc55457e96f73cb6afe7c7db15?s=96&d=mm&r=g\",\"contentUrl\":\"https:\\\/\\\/secure.gravatar.com\\\/avatar\\\/4265c799d9ffbb1a02d65c208b83cefca70fadbc55457e96f73cb6afe7c7db15?s=96&d=mm&r=g\",\"caption\":\"Juliana\"}}]}<\/script>\n<!-- \/ Yoast SEO plugin. -->","yoast_head_json":{"title":"Antes pensaba que mi pecho era el problema\u2026 hasta que cambi\u00f3 mi relaci\u00f3n con los sujetadores - Blog de GranLenceria","description":"Lo curioso de la incomodidad es que, cuando dura mucho tiempo, deja de parecer un problema.","robots":{"index":"index","follow":"follow","max-snippet":"max-snippet:-1","max-image-preview":"max-image-preview:large","max-video-preview":"max-video-preview:-1"},"canonical":"https:\/\/granlenceria.es\/blog\/antes-pensaba-que-mi-pecho-era-el-problema-hasta-que-cambio-mi-relacion-con-los-sujetadores\/","og_locale":"es_ES","og_type":"article","og_title":"Antes pensaba que mi pecho era el problema\u2026 hasta que cambi\u00f3 mi relaci\u00f3n con los sujetadores - Blog de GranLenceria","og_description":"Lo curioso de la incomodidad es que, cuando dura mucho tiempo, deja de parecer un problema.","og_url":"https:\/\/granlenceria.es\/blog\/antes-pensaba-que-mi-pecho-era-el-problema-hasta-que-cambio-mi-relacion-con-los-sujetadores\/","og_site_name":"Blog de GranLenceria","article_publisher":"https:\/\/www.facebook.com\/granlenceria.es\/","article_published_time":"2026-08-04T08:48:00+00:00","og_image":[{"width":1706,"height":2560,"url":"https:\/\/granlenceria.es\/blog\/wp-content\/uploads\/2026\/05\/pexels-ron-lach-8454351.jpg","type":"image\/jpeg"}],"author":"Juliana","twitter_card":"summary_large_image","twitter_creator":"@GranLenceria_es","twitter_site":"@GranLenceria_es","twitter_misc":{"Escrito por":"Juliana","Tiempo de lectura":"4 minutos"},"schema":{"@context":"https:\/\/schema.org","@graph":[{"@type":"Article","@id":"https:\/\/granlenceria.es\/blog\/antes-pensaba-que-mi-pecho-era-el-problema-hasta-que-cambio-mi-relacion-con-los-sujetadores\/#article","isPartOf":{"@id":"https:\/\/granlenceria.es\/blog\/antes-pensaba-que-mi-pecho-era-el-problema-hasta-que-cambio-mi-relacion-con-los-sujetadores\/"},"author":{"name":"Juliana","@id":"https:\/\/granlenceria.es\/blog\/#\/schema\/person\/62787dd53efc1c48118f4421a0ec426c"},"headline":"Antes pensaba que mi pecho era el problema\u2026 hasta que cambi\u00f3 mi relaci\u00f3n con los sujetadores","datePublished":"2026-08-04T08:48:00+00:00","mainEntityOfPage":{"@id":"https:\/\/granlenceria.es\/blog\/antes-pensaba-que-mi-pecho-era-el-problema-hasta-que-cambio-mi-relacion-con-los-sujetadores\/"},"wordCount":714,"commentCount":0,"publisher":{"@id":"https:\/\/granlenceria.es\/blog\/#organization"},"image":{"@id":"https:\/\/granlenceria.es\/blog\/antes-pensaba-que-mi-pecho-era-el-problema-hasta-que-cambio-mi-relacion-con-los-sujetadores\/#primaryimage"},"thumbnailUrl":"https:\/\/granlenceria.es\/blog\/wp-content\/uploads\/2026\/05\/pexels-ron-lach-8454351.jpg","articleSection":["Informaci\u00f3n lencera","Salud"],"inLanguage":"es","potentialAction":[{"@type":"CommentAction","name":"Comment","target":["https:\/\/granlenceria.es\/blog\/antes-pensaba-que-mi-pecho-era-el-problema-hasta-que-cambio-mi-relacion-con-los-sujetadores\/#respond"]}]},{"@type":"WebPage","@id":"https:\/\/granlenceria.es\/blog\/antes-pensaba-que-mi-pecho-era-el-problema-hasta-que-cambio-mi-relacion-con-los-sujetadores\/","url":"https:\/\/granlenceria.es\/blog\/antes-pensaba-que-mi-pecho-era-el-problema-hasta-que-cambio-mi-relacion-con-los-sujetadores\/","name":"Antes pensaba que mi pecho era el problema\u2026 hasta que cambi\u00f3 mi relaci\u00f3n con los sujetadores - Blog de GranLenceria","isPartOf":{"@id":"https:\/\/granlenceria.es\/blog\/#website"},"primaryImageOfPage":{"@id":"https:\/\/granlenceria.es\/blog\/antes-pensaba-que-mi-pecho-era-el-problema-hasta-que-cambio-mi-relacion-con-los-sujetadores\/#primaryimage"},"image":{"@id":"https:\/\/granlenceria.es\/blog\/antes-pensaba-que-mi-pecho-era-el-problema-hasta-que-cambio-mi-relacion-con-los-sujetadores\/#primaryimage"},"thumbnailUrl":"https:\/\/granlenceria.es\/blog\/wp-content\/uploads\/2026\/05\/pexels-ron-lach-8454351.jpg","datePublished":"2026-08-04T08:48:00+00:00","description":"Lo curioso de la incomodidad es que, cuando dura mucho tiempo, deja de parecer un problema.","breadcrumb":{"@id":"https:\/\/granlenceria.es\/blog\/antes-pensaba-que-mi-pecho-era-el-problema-hasta-que-cambio-mi-relacion-con-los-sujetadores\/#breadcrumb"},"inLanguage":"es","potentialAction":[{"@type":"ReadAction","target":["https:\/\/granlenceria.es\/blog\/antes-pensaba-que-mi-pecho-era-el-problema-hasta-que-cambio-mi-relacion-con-los-sujetadores\/"]}]},{"@type":"ImageObject","inLanguage":"es","@id":"https:\/\/granlenceria.es\/blog\/antes-pensaba-que-mi-pecho-era-el-problema-hasta-que-cambio-mi-relacion-con-los-sujetadores\/#primaryimage","url":"https:\/\/granlenceria.es\/blog\/wp-content\/uploads\/2026\/05\/pexels-ron-lach-8454351.jpg","contentUrl":"https:\/\/granlenceria.es\/blog\/wp-content\/uploads\/2026\/05\/pexels-ron-lach-8454351.jpg","width":1706,"height":2560},{"@type":"BreadcrumbList","@id":"https:\/\/granlenceria.es\/blog\/antes-pensaba-que-mi-pecho-era-el-problema-hasta-que-cambio-mi-relacion-con-los-sujetadores\/#breadcrumb","itemListElement":[{"@type":"ListItem","position":1,"name":"Portada","item":"https:\/\/granlenceria.es\/blog\/"},{"@type":"ListItem","position":2,"name":"Antes pensaba que mi pecho era el problema\u2026 hasta que cambi\u00f3 mi relaci\u00f3n con los sujetadores"}]},{"@type":"WebSite","@id":"https:\/\/granlenceria.es\/blog\/#website","url":"https:\/\/granlenceria.es\/blog\/","name":"Blog de GranLenceria","description":"El blog de la lenceria de tallas grandes","publisher":{"@id":"https:\/\/granlenceria.es\/blog\/#organization"},"potentialAction":[{"@type":"SearchAction","target":{"@type":"EntryPoint","urlTemplate":"https:\/\/granlenceria.es\/blog\/?s={search_term_string}"},"query-input":{"@type":"PropertyValueSpecification","valueRequired":true,"valueName":"search_term_string"}}],"inLanguage":"es"},{"@type":"Organization","@id":"https:\/\/granlenceria.es\/blog\/#organization","name":"GranLenceria.es","url":"https:\/\/granlenceria.es\/blog\/","logo":{"@type":"ImageObject","inLanguage":"es","@id":"https:\/\/granlenceria.es\/blog\/#\/schema\/logo\/image\/","url":"https:\/\/granlenceria.es\/blog\/wp-content\/uploads\/2015\/10\/cropped-logo.es-2.jpg","contentUrl":"https:\/\/granlenceria.es\/blog\/wp-content\/uploads\/2015\/10\/cropped-logo.es-2.jpg","width":270,"height":80,"caption":"GranLenceria.es"},"image":{"@id":"https:\/\/granlenceria.es\/blog\/#\/schema\/logo\/image\/"},"sameAs":["https:\/\/www.facebook.com\/granlenceria.es\/","https:\/\/x.com\/GranLenceria_es","https:\/\/www.instagram.com\/granlenceria\/","https:\/\/www.youtube.com\/channel\/UCBi0cJfMXIqNY62iHqezQkQ"]},{"@type":"Person","@id":"https:\/\/granlenceria.es\/blog\/#\/schema\/person\/62787dd53efc1c48118f4421a0ec426c","name":"Juliana","image":{"@type":"ImageObject","inLanguage":"es","@id":"https:\/\/secure.gravatar.com\/avatar\/4265c799d9ffbb1a02d65c208b83cefca70fadbc55457e96f73cb6afe7c7db15?s=96&d=mm&r=g","url":"https:\/\/secure.gravatar.com\/avatar\/4265c799d9ffbb1a02d65c208b83cefca70fadbc55457e96f73cb6afe7c7db15?s=96&d=mm&r=g","contentUrl":"https:\/\/secure.gravatar.com\/avatar\/4265c799d9ffbb1a02d65c208b83cefca70fadbc55457e96f73cb6afe7c7db15?s=96&d=mm&r=g","caption":"Juliana"}}]}},"_links":{"self":[{"href":"https:\/\/granlenceria.es\/blog\/wp-json\/wp\/v2\/posts\/6410","targetHints":{"allow":["GET"]}}],"collection":[{"href":"https:\/\/granlenceria.es\/blog\/wp-json\/wp\/v2\/posts"}],"about":[{"href":"https:\/\/granlenceria.es\/blog\/wp-json\/wp\/v2\/types\/post"}],"author":[{"embeddable":true,"href":"https:\/\/granlenceria.es\/blog\/wp-json\/wp\/v2\/users\/279"}],"replies":[{"embeddable":true,"href":"https:\/\/granlenceria.es\/blog\/wp-json\/wp\/v2\/comments?post=6410"}],"version-history":[{"count":2,"href":"https:\/\/granlenceria.es\/blog\/wp-json\/wp\/v2\/posts\/6410\/revisions"}],"predecessor-version":[{"id":6417,"href":"https:\/\/granlenceria.es\/blog\/wp-json\/wp\/v2\/posts\/6410\/revisions\/6417"}],"wp:featuredmedia":[{"embeddable":true,"href":"https:\/\/granlenceria.es\/blog\/wp-json\/wp\/v2\/media\/6412"}],"wp:attachment":[{"href":"https:\/\/granlenceria.es\/blog\/wp-json\/wp\/v2\/media?parent=6410"}],"wp:term":[{"taxonomy":"category","embeddable":true,"href":"https:\/\/granlenceria.es\/blog\/wp-json\/wp\/v2\/categories?post=6410"},{"taxonomy":"post_tag","embeddable":true,"href":"https:\/\/granlenceria.es\/blog\/wp-json\/wp\/v2\/tags?post=6410"}],"curies":[{"name":"wp","href":"https:\/\/api.w.org\/{rel}","templated":true}]}}