{"id":5932,"date":"2024-04-15T12:45:03","date_gmt":"2024-04-15T10:45:03","guid":{"rendered":"https:\/\/granlenceria.es\/blog\/?p=5932"},"modified":"2025-03-03T11:21:19","modified_gmt":"2025-03-03T10:21:19","slug":"sujetadores-mo-marcan-bajo-la-ropa","status":"publish","type":"post","link":"https:\/\/granlenceria.es\/blog\/sujetadores-mo-marcan-bajo-la-ropa\/","title":{"rendered":"\u00bfQu\u00e9 sujetadores no se marcan bajo la ropa?"},"content":{"rendered":"\n<p>Muchas mujeres buscan <a href=\"https:\/\/granlenceria.es\/70-sujetadores-invisibles\">sujetadores invisibles<\/a> bajo la ropa, porque no les gusta nada que se marquen los sujetadores.<\/p>\n\n\n\n<p>Personalmente yo soy de las que me da igual que se marque, porque para algo lo llevo (salvo en ocasiones muy especiales), pero como para gustos los colores, te explico las opciones que tienes.<\/p>\n\n\n\n<div id=\"ez-toc-container\" class=\"ez-toc-v2_0_81 counter-hierarchy ez-toc-counter ez-toc-grey ez-toc-container-direction\">\n<div class=\"ez-toc-title-container\">\n<p class=\"ez-toc-title\" style=\"cursor:inherit\">\u00bfQu\u00e9 vas a ver?<\/p>\n<span class=\"ez-toc-title-toggle\"><a href=\"#\" class=\"ez-toc-pull-right ez-toc-btn ez-toc-btn-xs ez-toc-btn-default ez-toc-toggle\" aria-label=\"Alternar tabla de contenidos\"><span class=\"ez-toc-js-icon-con\"><span class=\"\"><span class=\"eztoc-hide\" style=\"display:none;\">Toggle<\/span><span class=\"ez-toc-icon-toggle-span\"><svg style=\"fill: #999;color:#999\" xmlns=\"http:\/\/www.w3.org\/2000\/svg\" class=\"list-377408\" width=\"20px\" height=\"20px\" viewBox=\"0 0 24 24\" fill=\"none\"><path d=\"M6 6H4v2h2V6zm14 0H8v2h12V6zM4 11h2v2H4v-2zm16 0H8v2h12v-2zM4 16h2v2H4v-2zm16 0H8v2h12v-2z\" fill=\"currentColor\"><\/path><\/svg><svg style=\"fill: #999;color:#999\" class=\"arrow-unsorted-368013\" xmlns=\"http:\/\/www.w3.org\/2000\/svg\" width=\"10px\" height=\"10px\" viewBox=\"0 0 24 24\" version=\"1.2\" baseProfile=\"tiny\"><path d=\"M18.2 9.3l-6.2-6.3-6.2 6.3c-.2.2-.3.4-.3.7s.1.5.3.7c.2.2.4.3.7.3h11c.3 0 .5-.1.7-.3.2-.2.3-.5.3-.7s-.1-.5-.3-.7zM5.8 14.7l6.2 6.3 6.2-6.3c.2-.2.3-.5.3-.7s-.1-.5-.3-.7c-.2-.2-.4-.3-.7-.3h-11c-.3 0-.5.1-.7.3-.2.2-.3.5-.3.7s.1.5.3.7z\"\/><\/svg><\/span><\/span><\/span><\/a><\/span><\/div>\n<nav><ul class='ez-toc-list ez-toc-list-level-1 ' ><li class='ez-toc-page-1 ez-toc-heading-level-2'><a class=\"ez-toc-link ez-toc-heading-1\" href=\"https:\/\/granlenceria.es\/blog\/sujetadores-mo-marcan-bajo-la-ropa\/#Sujetadores_que_no_se_marcan_bajo_prendas_ajustadas\" >Sujetadores que no se marcan bajo prendas ajustadas<\/a><ul class='ez-toc-list-level-3' ><li class='ez-toc-heading-level-3'><a class=\"ez-toc-link ez-toc-heading-2\" href=\"https:\/\/granlenceria.es\/blog\/sujetadores-mo-marcan-bajo-la-ropa\/#Sujetadores_preformados\" >Sujetadores preformados<\/a><ul class='ez-toc-list-level-4' ><li class='ez-toc-heading-level-4'><a class=\"ez-toc-link ez-toc-heading-3\" href=\"https:\/\/granlenceria.es\/blog\/sujetadores-mo-marcan-bajo-la-ropa\/#Sujetador_prefomado_con_refuerzo_lateral\" >Sujetador prefomado con refuerzo lateral.<\/a><\/li><\/ul><\/li><li class='ez-toc-page-1 ez-toc-heading-level-3'><a class=\"ez-toc-link ez-toc-heading-4\" href=\"https:\/\/granlenceria.es\/blog\/sujetadores-mo-marcan-bajo-la-ropa\/#Sujetadores_con_costuras\" >Sujetadores con costuras<\/a><\/li><\/ul><\/li><li class='ez-toc-page-1 ez-toc-heading-level-2'><a class=\"ez-toc-link ez-toc-heading-5\" href=\"https:\/\/granlenceria.es\/blog\/sujetadores-mo-marcan-bajo-la-ropa\/#Sujetadores_transparentes_bajo_ropa_blanca\" >Sujetadores transparentes bajo ropa blanca<\/a><\/li><\/ul><\/nav><\/div>\n<h2 class=\"wp-block-heading\"><span class=\"ez-toc-section\" id=\"Sujetadores_que_no_se_marcan_bajo_prendas_ajustadas\"><\/span>Sujetadores que no se marcan bajo prendas ajustadas<span class=\"ez-toc-section-end\"><\/span><\/h2>\n\n\n\n<p>Te cuento las distintas opciones que tienes para que con una prenda ajustada con un escote normal no se marque el sujetador.<\/p>\n\n\n\n<h3 class=\"wp-block-heading\"><span class=\"ez-toc-section\" id=\"Sujetadores_preformados\"><\/span><a href=\"https:\/\/granlenceria.es\/buscar?controller=search&amp;s=preformado\" target=\"_blank\" rel=\"noreferrer noopener\"><strong>Sujetadores preformados<\/strong><\/a><span class=\"ez-toc-section-end\"><\/span><\/h3>\n\n\n\n<figure class=\"wp-block-image size-large\"><a href=\"https:\/\/granlenceria.es\/buscar?controller=search&amp;s=preformado\"><img decoding=\"async\" src=\"https:\/\/granlenceria.es\/blog\/wp-content\/uploads\/2024\/04\/Banner-horizontal-rebajas-vuelta-al-cole-material-beige-minimalista-1024x512.jpg\" alt=\"Sujetadores preformados invisibles bajo la ropa\" class=\"wp-image-5933\"\/><\/a><\/figure>\n\n\n\n<p>Son esos modelos que se han hecho con una horma a la que se ha aplicado calor.<\/p>\n\n\n\n<p>Pueden llevar acolchado o ser solo una capa de tela, lo com\u00fan es que la copa no lleva costuras.<\/p>\n\n\n\n<p>Los sujetadores preformados nunca tienen una copa profunda, porque el peso har\u00eda que venza. Por eso siempre tienen el aro m\u00e1s abierto y menos proyecci\u00f3n. Eso hace que el pecho se vea m\u00e1s ancho de frente y menos proyectado de perfil, que con otros sujetadores.<\/p>\n\n\n\n<p>Si tu pecho es muy proyectado es posible que los aros no apoyen bien en el estern\u00f3n, porque el pecho los empuja hacia afuera. En este caso usa estos sujetadores solo ocasionalmente.<\/p>\n\n\n\n<p>Tambi\u00e9n puede pasar que la horma sea para un pecho redondo (la m\u00e1s frecuente) y te queden huecos por arriba. Si pasa esto, para uso ocasional se podr\u00eda reducir la talla de copa, pero solo ocasional.<\/p>\n\n\n\n<h4 class=\"wp-block-heading\"><span class=\"ez-toc-section\" id=\"Sujetador_prefomado_con_refuerzo_lateral\"><\/span><a href=\"https:\/\/granlenceria.es\/sujetadores-preformados\/1493-209070-sujetador-spacer-bandless-charley-de-elomi.html#\/9-talla_contorno-es_fr_90_eu_75_uk_34\/22-talla_copa-es_fr_i_eu_i_uk_g\/58-color-rojo\" target=\"_blank\" rel=\"noreferrer noopener\">Sujetador prefomado con refuerzo lateral<\/a>. <span class=\"ez-toc-section-end\"><\/span><\/h4>\n\n\n<div class=\"wp-block-image\">\n<figure class=\"aligncenter size-large is-resized\"><a href=\"https:\/\/granlenceria.es\/sujetadores-preformados\/1493-209070-sujetador-spacer-bandless-charley-de-elomi.html#\/9-talla_contorno-es_fr_90_eu_75_uk_34\/22-talla_copa-es_fr_i_eu_i_uk_g\/58-color-rojo\"><img decoding=\"async\" width=\"731\" height=\"1024\" src=\"https:\/\/granlenceria.es\/blog\/wp-content\/uploads\/2024\/04\/Sujetador-spacer-bandless-petal-Charley-de-Elomi-731x1024.jpg\" alt=\"Sujetador spacer Charley de Elomi\" class=\"wp-image-5934\" style=\"aspect-ratio:0.7138671875;width:184px;height:auto\" srcset=\"https:\/\/granlenceria.es\/blog\/wp-content\/uploads\/2024\/04\/Sujetador-spacer-bandless-petal-Charley-de-Elomi-731x1024.jpg 731w, https:\/\/granlenceria.es\/blog\/wp-content\/uploads\/2024\/04\/Sujetador-spacer-bandless-petal-Charley-de-Elomi-214x300.jpg 214w, https:\/\/granlenceria.es\/blog\/wp-content\/uploads\/2024\/04\/Sujetador-spacer-bandless-petal-Charley-de-Elomi-768x1075.jpg 768w, https:\/\/granlenceria.es\/blog\/wp-content\/uploads\/2024\/04\/Sujetador-spacer-bandless-petal-Charley-de-Elomi-1097x1536.jpg 1097w, https:\/\/granlenceria.es\/blog\/wp-content\/uploads\/2024\/04\/Sujetador-spacer-bandless-petal-Charley-de-Elomi.jpg 1200w\" sizes=\"(max-width: 731px) 100vw, 731px\" \/><\/a><\/figure>\n<\/div>\n\n\n<p>De todos los preformados este es mi favorito (no se hace en las tallas m\u00e1s peque\u00f1as), porque en la zona lateral de la copa no es preformado, sino que lleva una secci\u00f3n de tela sin ninguna elasticidad. Esto hace que, aunque no lleve costuras en el centro de la copa y haga una forma redonda, el pecho en la zona de la axila se controle un poco. Por lo que con este modelo te ver\u00e1s un poco menos ancha que con el resto de los preformados. Pero ojo, que el pecho sigue siendo m\u00e1s pegado al cuerpo que proyectado.<\/p>\n\n\n\n<h3 class=\"wp-block-heading\"><span class=\"ez-toc-section\" id=\"Sujetadores_con_costuras\"><\/span>Sujetadores con costuras<span class=\"ez-toc-section-end\"><\/span><\/h3>\n\n\n\n<figure class=\"wp-block-image size-large\"><a href=\"https:\/\/granlenceria.es\/blog\/wp-content\/uploads\/2024\/04\/Banner-horizontal-rebajas-vuelta-al-cole-material-beige-minimalista-1-scaled.jpg\"><img decoding=\"async\" width=\"1024\" height=\"512\" src=\"https:\/\/granlenceria.es\/blog\/wp-content\/uploads\/2024\/04\/Banner-horizontal-rebajas-vuelta-al-cole-material-beige-minimalista-1-1024x512.jpg\" alt=\"Sujetadores con costuras invisibles bajo la ropa\" class=\"wp-image-5935\" srcset=\"https:\/\/granlenceria.es\/blog\/wp-content\/uploads\/2024\/04\/Banner-horizontal-rebajas-vuelta-al-cole-material-beige-minimalista-1-1024x512.jpg 1024w, https:\/\/granlenceria.es\/blog\/wp-content\/uploads\/2024\/04\/Banner-horizontal-rebajas-vuelta-al-cole-material-beige-minimalista-1-300x150.jpg 300w, https:\/\/granlenceria.es\/blog\/wp-content\/uploads\/2024\/04\/Banner-horizontal-rebajas-vuelta-al-cole-material-beige-minimalista-1-768x384.jpg 768w, https:\/\/granlenceria.es\/blog\/wp-content\/uploads\/2024\/04\/Banner-horizontal-rebajas-vuelta-al-cole-material-beige-minimalista-1-1536x768.jpg 1536w, https:\/\/granlenceria.es\/blog\/wp-content\/uploads\/2024\/04\/Banner-horizontal-rebajas-vuelta-al-cole-material-beige-minimalista-1-2048x1024.jpg 2048w\" sizes=\"(max-width: 1024px) 100vw, 1024px\" \/><\/a><\/figure>\n\n\n\n<p>No podemos calificar como sujetadores invisibles totalmente a estos modelos, pero si tu prefieres un pecho con una forma m\u00e1s natural, entonces te sigo aconsejando sujetador con costuras. Las costuras se aplanan con el uso, y luego se marcan poquito. Sujetadores como <a href=\"https:\/\/granlenceria.es\/sujetadores-plunge\/540-212207-sujetador-tallas-grandes-plunge-matilda-de-elomi.html#\/9-talla_contorno-es_fr_90_eu_75_uk_34\/22-talla_copa-es_fr_i_eu_i_uk_g\/104-color-agua_marina\" target=\"_blank\" rel=\"noreferrer noopener\">Matilda<\/a>, <a href=\"https:\/\/granlenceria.es\/sujetadores-plunge\/1784-203617-sujetador-high-apex-tailored-de-freya.html#\/7-talla_contorno-es_fr_80_eu_65_uk_30\/17-talla_copa-es_fr_d_eu_d_uk_d\/98-color-magenta\" target=\"_blank\" rel=\"noreferrer noopener\">Tailored<\/a>, <a href=\"https:\/\/granlenceria.es\/soporte-lateral\/1633-205251-sujetador-full-cup-con-soporte-lateral-envisage-de-fantasie.html#\/7-talla_contorno-es_fr_80_eu_65_uk_30\/17-talla_copa-es_fr_d_eu_d_uk_d\/124-color-navy\" target=\"_blank\" rel=\"noreferrer noopener\">Envisage <\/a>e <a href=\"https:\/\/granlenceria.es\/soporte-lateral\/1278-212276-sujetador-soporte-lateral-illusion-de-fantasie.html#\/7-talla_contorno-es_fr_80_eu_65_uk_30\/18-talla_copa-es_fr_e_eu_e_uk_dd\/200-color-lila\" target=\"_blank\" rel=\"noreferrer noopener\">Illusion <\/a>son muy planitos.<\/p>\n\n\n\n<p>Si lo que quieres es verte m\u00e1s delgada, proyectando m\u00e1s el pecho, te aconsejo <a href=\"https:\/\/granlenceria.es\/gran-cobertura\/2109-207873-sujetador-con-tira-just-black-de-gorsenia.html#\/7-talla_contorno-es_fr_80_eu_65_uk_30\/19-talla_copa-es_fr_f_eu_f_uk_e\/29-color-negro\" target=\"_blank\" rel=\"noreferrer noopener\">Just black<\/a>, porque al quitarle las correas se queda en un sujetador completamente liso (salvo las costuras).<\/p>\n\n\n\n<p>Los sujetadores con costuras, se van a adaptar a la forma de tu pecho mucho mejor que un sujetador preformado, por lo que, sea como sea tu pecho, habr\u00e1 un sujetador con costuras que se adapte a la perfecci\u00f3n a ti.<\/p>\n\n\n\n<figure class=\"wp-block-image size-large\"><a href=\"https:\/\/sendfox.com\/lp\/mnnjgl\"><img decoding=\"async\" width=\"1024\" height=\"307\" src=\"https:\/\/granlenceria.es\/blog\/wp-content\/uploads\/2024\/03\/Suscripcion-1024x307.jpg\" alt=\"Suscr\u00edbete a la newsletter para no perderte nada\" class=\"wp-image-5907\" srcset=\"https:\/\/granlenceria.es\/blog\/wp-content\/uploads\/2024\/03\/Suscripcion-1024x307.jpg 1024w, https:\/\/granlenceria.es\/blog\/wp-content\/uploads\/2024\/03\/Suscripcion-300x90.jpg 300w, https:\/\/granlenceria.es\/blog\/wp-content\/uploads\/2024\/03\/Suscripcion-768x230.jpg 768w, https:\/\/granlenceria.es\/blog\/wp-content\/uploads\/2024\/03\/Suscripcion-1536x461.jpg 1536w, https:\/\/granlenceria.es\/blog\/wp-content\/uploads\/2024\/03\/Suscripcion-2048x614.jpg 2048w\" sizes=\"(max-width: 1024px) 100vw, 1024px\" \/><\/a><\/figure>\n\n\n\n<h2 class=\"wp-block-heading\"><span class=\"ez-toc-section\" id=\"Sujetadores_transparentes_bajo_ropa_blanca\"><\/span>Sujetadores transparentes bajo ropa blanca<span class=\"ez-toc-section-end\"><\/span><\/h2>\n\n\n\n<p>Cuando quieres sujetadores que no se vean bajo la ropa blanca, la primera tendencia es que sea blanco. Pero no, el blanco bajo blanco acaba not\u00e1ndose much\u00edsimo. En este caso hay que inclinarse por sujetadores de <strong>color nude<\/strong> pero, atenci\u00f3n, los<strong> sujetadores rojos<\/strong> tambi\u00e9n se muestran invisibles bajo las prendas blancas.<\/p>\n\n\n\n<p>Dentro de los colores nude hay una gama tan amplia como colores de piel en el planeta. <\/p>\n\n\n\n<p>\u00bfSigues pensando que c\u00f3mo es posible que el rojo no transparente? Lo que estamos buscando es un color que empaste bien con tu tono de piel, cuando menos diferencia haya, menos se notar\u00e1 bajo la ropa blanca.<\/p>\n\n\n\n<p>El caso es que cuando te rascas o te quemas, la piel se te pone roja. Con lo que esos tonos est\u00e1n en la piel aunque no siempre asomen, eso hace que los sujetadores rojos sean sujetadores invisibles bajo el blanco. \u00bfLo sab\u00edas o te ha sorprendido?<\/p>\n","protected":false},"excerpt":{"rendered":"<p>Muchas mujeres buscan sujetadores invisibles bajo la ropa, porque no les gusta nada que se marquen los sujetadores. Personalmente yo soy de las que me da igual que se marque, porque para algo lo llevo (salvo en ocasiones muy especiales), pero como para gustos los colores, te explico las opciones que tienes. Sujetadores que no [&hellip;]<\/p>\n","protected":false},"author":2,"featured_media":0,"comment_status":"open","ping_status":"open","sticky":false,"template":"","format":"standard","meta":{"rop_custom_images_group":[],"rop_custom_messages_group":[],"rop_publish_now":"initial","rop_publish_now_accounts":{"twitter_4001688147_4001688147":""},"rop_publish_now_history":[],"rop_publish_now_status":"pending","_exactmetrics_skip_tracking":false,"_exactmetrics_sitenote_active":false,"_exactmetrics_sitenote_note":"","_exactmetrics_sitenote_category":0,"_genesis_hide_title":false,"_genesis_hide_breadcrumbs":false,"_genesis_hide_singular_image":false,"_genesis_hide_footer_widgets":false,"_genesis_custom_body_class":"","_genesis_custom_post_class":"","_genesis_layout":"","_themeisle_gutenberg_block_has_review":false,"footnotes":""},"categories":[10,7],"tags":[39],"class_list":{"0":"post-5932","1":"post","2":"type-post","3":"status-publish","4":"format-standard","6":"category-informacion","7":"category-consejos","8":"tag-sujetadores-invisibles","9":"entry","10":"has-post-thumbnail"},"yoast_head":"<!-- This site is optimized with the Yoast SEO plugin v27.1.1 - https:\/\/yoast.com\/product\/yoast-seo-wordpress\/ -->\n<title>\u00bfQu\u00e9 sujetadores no se marcan bajo la ropa? - Blog de GranLenceria<\/title>\n<meta name=\"description\" content=\"Sujetadores que no se marcan bajo la ropa m\u00e1s ajustada, las mejores opciones para que no se marque y lleves la forma del pecho que te gusta.\" \/>\n<meta name=\"robots\" content=\"index, follow, max-snippet:-1, max-image-preview:large, max-video-preview:-1\" \/>\n<link rel=\"canonical\" href=\"https:\/\/granlenceria.es\/blog\/sujetadores-mo-marcan-bajo-la-ropa\/\" \/>\n<meta property=\"og:locale\" content=\"es_ES\" \/>\n<meta property=\"og:type\" content=\"article\" \/>\n<meta property=\"og:title\" content=\"\u00bfQu\u00e9 sujetadores no se marcan bajo la ropa? - Blog de GranLenceria\" \/>\n<meta property=\"og:description\" content=\"Sujetadores que no se marcan bajo la ropa m\u00e1s ajustada, las mejores opciones para que no se marque y lleves la forma del pecho que te gusta.\" \/>\n<meta property=\"og:url\" content=\"https:\/\/granlenceria.es\/blog\/sujetadores-mo-marcan-bajo-la-ropa\/\" \/>\n<meta property=\"og:site_name\" content=\"Blog de GranLenceria\" \/>\n<meta property=\"article:publisher\" content=\"https:\/\/www.facebook.com\/granlenceria.es\/\" \/>\n<meta property=\"article:published_time\" content=\"2024-04-15T10:45:03+00:00\" \/>\n<meta property=\"article:modified_time\" content=\"2025-03-03T10:21:19+00:00\" \/>\n<meta name=\"author\" content=\"Raquel\" \/>\n<meta name=\"twitter:card\" content=\"summary_large_image\" \/>\n<meta name=\"twitter:creator\" content=\"@GranLenceria_es\" \/>\n<meta name=\"twitter:site\" content=\"@GranLenceria_es\" \/>\n<meta name=\"twitter:label1\" content=\"Escrito por\" \/>\n\t<meta name=\"twitter:data1\" content=\"Raquel\" \/>\n\t<meta name=\"twitter:label2\" content=\"Tiempo de lectura\" \/>\n\t<meta name=\"twitter:data2\" content=\"4 minutos\" \/>\n<script type=\"application\/ld+json\" class=\"yoast-schema-graph\">{\"@context\":\"https:\/\/schema.org\",\"@graph\":[{\"@type\":\"Article\",\"@id\":\"https:\/\/granlenceria.es\/blog\/sujetadores-mo-marcan-bajo-la-ropa\/#article\",\"isPartOf\":{\"@id\":\"https:\/\/granlenceria.es\/blog\/sujetadores-mo-marcan-bajo-la-ropa\/\"},\"author\":{\"name\":\"Raquel\",\"@id\":\"https:\/\/granlenceria.es\/blog\/#\/schema\/person\/738718f0a797cdf3600619d4c6bf9ead\"},\"headline\":\"\u00bfQu\u00e9 sujetadores no se marcan bajo la ropa?\",\"datePublished\":\"2024-04-15T10:45:03+00:00\",\"dateModified\":\"2025-03-03T10:21:19+00:00\",\"mainEntityOfPage\":{\"@id\":\"https:\/\/granlenceria.es\/blog\/sujetadores-mo-marcan-bajo-la-ropa\/\"},\"wordCount\":652,\"commentCount\":1,\"publisher\":{\"@id\":\"https:\/\/granlenceria.es\/blog\/#organization\"},\"image\":{\"@id\":\"https:\/\/granlenceria.es\/blog\/sujetadores-mo-marcan-bajo-la-ropa\/#primaryimage\"},\"thumbnailUrl\":\"https:\/\/granlenceria.es\/blog\/wp-content\/uploads\/2024\/04\/Banner-horizontal-rebajas-vuelta-al-cole-material-beige-minimalista-1024x512.jpg\",\"keywords\":[\"sujetadores invisibles\"],\"articleSection\":[\"Informaci\u00f3n lencera\",\"Luce un buen escote\"],\"inLanguage\":\"es\",\"potentialAction\":[{\"@type\":\"CommentAction\",\"name\":\"Comment\",\"target\":[\"https:\/\/granlenceria.es\/blog\/sujetadores-mo-marcan-bajo-la-ropa\/#respond\"]}]},{\"@type\":\"WebPage\",\"@id\":\"https:\/\/granlenceria.es\/blog\/sujetadores-mo-marcan-bajo-la-ropa\/\",\"url\":\"https:\/\/granlenceria.es\/blog\/sujetadores-mo-marcan-bajo-la-ropa\/\",\"name\":\"\u00bfQu\u00e9 sujetadores no se marcan bajo la ropa? - Blog de GranLenceria\",\"isPartOf\":{\"@id\":\"https:\/\/granlenceria.es\/blog\/#website\"},\"primaryImageOfPage\":{\"@id\":\"https:\/\/granlenceria.es\/blog\/sujetadores-mo-marcan-bajo-la-ropa\/#primaryimage\"},\"image\":{\"@id\":\"https:\/\/granlenceria.es\/blog\/sujetadores-mo-marcan-bajo-la-ropa\/#primaryimage\"},\"thumbnailUrl\":\"https:\/\/granlenceria.es\/blog\/wp-content\/uploads\/2024\/04\/Banner-horizontal-rebajas-vuelta-al-cole-material-beige-minimalista-1024x512.jpg\",\"datePublished\":\"2024-04-15T10:45:03+00:00\",\"dateModified\":\"2025-03-03T10:21:19+00:00\",\"description\":\"Sujetadores que no se marcan bajo la ropa m\u00e1s ajustada, las mejores opciones para que no se marque y lleves la forma del pecho que te gusta.\",\"breadcrumb\":{\"@id\":\"https:\/\/granlenceria.es\/blog\/sujetadores-mo-marcan-bajo-la-ropa\/#breadcrumb\"},\"inLanguage\":\"es\",\"potentialAction\":[{\"@type\":\"ReadAction\",\"target\":[\"https:\/\/granlenceria.es\/blog\/sujetadores-mo-marcan-bajo-la-ropa\/\"]}]},{\"@type\":\"ImageObject\",\"inLanguage\":\"es\",\"@id\":\"https:\/\/granlenceria.es\/blog\/sujetadores-mo-marcan-bajo-la-ropa\/#primaryimage\",\"url\":\"\",\"contentUrl\":\"\"},{\"@type\":\"BreadcrumbList\",\"@id\":\"https:\/\/granlenceria.es\/blog\/sujetadores-mo-marcan-bajo-la-ropa\/#breadcrumb\",\"itemListElement\":[{\"@type\":\"ListItem\",\"position\":1,\"name\":\"Portada\",\"item\":\"https:\/\/granlenceria.es\/blog\/\"},{\"@type\":\"ListItem\",\"position\":2,\"name\":\"\u00bfQu\u00e9 sujetadores no se marcan bajo la ropa?\"}]},{\"@type\":\"WebSite\",\"@id\":\"https:\/\/granlenceria.es\/blog\/#website\",\"url\":\"https:\/\/granlenceria.es\/blog\/\",\"name\":\"Blog de GranLenceria\",\"description\":\"El blog de la lenceria de tallas grandes\",\"publisher\":{\"@id\":\"https:\/\/granlenceria.es\/blog\/#organization\"},\"potentialAction\":[{\"@type\":\"SearchAction\",\"target\":{\"@type\":\"EntryPoint\",\"urlTemplate\":\"https:\/\/granlenceria.es\/blog\/?s={search_term_string}\"},\"query-input\":{\"@type\":\"PropertyValueSpecification\",\"valueRequired\":true,\"valueName\":\"search_term_string\"}}],\"inLanguage\":\"es\"},{\"@type\":\"Organization\",\"@id\":\"https:\/\/granlenceria.es\/blog\/#organization\",\"name\":\"GranLenceria.es\",\"url\":\"https:\/\/granlenceria.es\/blog\/\",\"logo\":{\"@type\":\"ImageObject\",\"inLanguage\":\"es\",\"@id\":\"https:\/\/granlenceria.es\/blog\/#\/schema\/logo\/image\/\",\"url\":\"https:\/\/granlenceria.es\/blog\/wp-content\/uploads\/2015\/10\/cropped-logo.es-2.jpg\",\"contentUrl\":\"https:\/\/granlenceria.es\/blog\/wp-content\/uploads\/2015\/10\/cropped-logo.es-2.jpg\",\"width\":270,\"height\":80,\"caption\":\"GranLenceria.es\"},\"image\":{\"@id\":\"https:\/\/granlenceria.es\/blog\/#\/schema\/logo\/image\/\"},\"sameAs\":[\"https:\/\/www.facebook.com\/granlenceria.es\/\",\"https:\/\/x.com\/GranLenceria_es\",\"https:\/\/www.instagram.com\/granlenceria\/\",\"https:\/\/www.youtube.com\/channel\/UCBi0cJfMXIqNY62iHqezQkQ\"]},{\"@type\":\"Person\",\"@id\":\"https:\/\/granlenceria.es\/blog\/#\/schema\/person\/738718f0a797cdf3600619d4c6bf9ead\",\"name\":\"Raquel\",\"image\":{\"@type\":\"ImageObject\",\"inLanguage\":\"es\",\"@id\":\"https:\/\/granlenceria.es\/blog\/#\/schema\/person\/image\/\",\"url\":\"https:\/\/secure.gravatar.com\/avatar\/18a3c17aa5fae2fec44b6dd72c66eadd6d1ab230e2d4040d7ac60fde67daa476?s=96&d=mm&r=g\",\"contentUrl\":\"https:\/\/secure.gravatar.com\/avatar\/18a3c17aa5fae2fec44b6dd72c66eadd6d1ab230e2d4040d7ac60fde67daa476?s=96&d=mm&r=g\",\"caption\":\"Raquel\"}}]}<\/script>\n<!-- \/ Yoast SEO plugin. -->","yoast_head_json":{"title":"\u00bfQu\u00e9 sujetadores no se marcan bajo la ropa? - Blog de GranLenceria","description":"Sujetadores que no se marcan bajo la ropa m\u00e1s ajustada, las mejores opciones para que no se marque y lleves la forma del pecho que te gusta.","robots":{"index":"index","follow":"follow","max-snippet":"max-snippet:-1","max-image-preview":"max-image-preview:large","max-video-preview":"max-video-preview:-1"},"canonical":"https:\/\/granlenceria.es\/blog\/sujetadores-mo-marcan-bajo-la-ropa\/","og_locale":"es_ES","og_type":"article","og_title":"\u00bfQu\u00e9 sujetadores no se marcan bajo la ropa? - Blog de GranLenceria","og_description":"Sujetadores que no se marcan bajo la ropa m\u00e1s ajustada, las mejores opciones para que no se marque y lleves la forma del pecho que te gusta.","og_url":"https:\/\/granlenceria.es\/blog\/sujetadores-mo-marcan-bajo-la-ropa\/","og_site_name":"Blog de GranLenceria","article_publisher":"https:\/\/www.facebook.com\/granlenceria.es\/","article_published_time":"2024-04-15T10:45:03+00:00","article_modified_time":"2025-03-03T10:21:19+00:00","author":"Raquel","twitter_card":"summary_large_image","twitter_creator":"@GranLenceria_es","twitter_site":"@GranLenceria_es","twitter_misc":{"Escrito por":"Raquel","Tiempo de lectura":"4 minutos"},"schema":{"@context":"https:\/\/schema.org","@graph":[{"@type":"Article","@id":"https:\/\/granlenceria.es\/blog\/sujetadores-mo-marcan-bajo-la-ropa\/#article","isPartOf":{"@id":"https:\/\/granlenceria.es\/blog\/sujetadores-mo-marcan-bajo-la-ropa\/"},"author":{"name":"Raquel","@id":"https:\/\/granlenceria.es\/blog\/#\/schema\/person\/738718f0a797cdf3600619d4c6bf9ead"},"headline":"\u00bfQu\u00e9 sujetadores no se marcan bajo la ropa?","datePublished":"2024-04-15T10:45:03+00:00","dateModified":"2025-03-03T10:21:19+00:00","mainEntityOfPage":{"@id":"https:\/\/granlenceria.es\/blog\/sujetadores-mo-marcan-bajo-la-ropa\/"},"wordCount":652,"commentCount":1,"publisher":{"@id":"https:\/\/granlenceria.es\/blog\/#organization"},"image":{"@id":"https:\/\/granlenceria.es\/blog\/sujetadores-mo-marcan-bajo-la-ropa\/#primaryimage"},"thumbnailUrl":"https:\/\/granlenceria.es\/blog\/wp-content\/uploads\/2024\/04\/Banner-horizontal-rebajas-vuelta-al-cole-material-beige-minimalista-1024x512.jpg","keywords":["sujetadores invisibles"],"articleSection":["Informaci\u00f3n lencera","Luce un buen escote"],"inLanguage":"es","potentialAction":[{"@type":"CommentAction","name":"Comment","target":["https:\/\/granlenceria.es\/blog\/sujetadores-mo-marcan-bajo-la-ropa\/#respond"]}]},{"@type":"WebPage","@id":"https:\/\/granlenceria.es\/blog\/sujetadores-mo-marcan-bajo-la-ropa\/","url":"https:\/\/granlenceria.es\/blog\/sujetadores-mo-marcan-bajo-la-ropa\/","name":"\u00bfQu\u00e9 sujetadores no se marcan bajo la ropa? - Blog de GranLenceria","isPartOf":{"@id":"https:\/\/granlenceria.es\/blog\/#website"},"primaryImageOfPage":{"@id":"https:\/\/granlenceria.es\/blog\/sujetadores-mo-marcan-bajo-la-ropa\/#primaryimage"},"image":{"@id":"https:\/\/granlenceria.es\/blog\/sujetadores-mo-marcan-bajo-la-ropa\/#primaryimage"},"thumbnailUrl":"https:\/\/granlenceria.es\/blog\/wp-content\/uploads\/2024\/04\/Banner-horizontal-rebajas-vuelta-al-cole-material-beige-minimalista-1024x512.jpg","datePublished":"2024-04-15T10:45:03+00:00","dateModified":"2025-03-03T10:21:19+00:00","description":"Sujetadores que no se marcan bajo la ropa m\u00e1s ajustada, las mejores opciones para que no se marque y lleves la forma del pecho que te gusta.","breadcrumb":{"@id":"https:\/\/granlenceria.es\/blog\/sujetadores-mo-marcan-bajo-la-ropa\/#breadcrumb"},"inLanguage":"es","potentialAction":[{"@type":"ReadAction","target":["https:\/\/granlenceria.es\/blog\/sujetadores-mo-marcan-bajo-la-ropa\/"]}]},{"@type":"ImageObject","inLanguage":"es","@id":"https:\/\/granlenceria.es\/blog\/sujetadores-mo-marcan-bajo-la-ropa\/#primaryimage","url":"","contentUrl":""},{"@type":"BreadcrumbList","@id":"https:\/\/granlenceria.es\/blog\/sujetadores-mo-marcan-bajo-la-ropa\/#breadcrumb","itemListElement":[{"@type":"ListItem","position":1,"name":"Portada","item":"https:\/\/granlenceria.es\/blog\/"},{"@type":"ListItem","position":2,"name":"\u00bfQu\u00e9 sujetadores no se marcan bajo la ropa?"}]},{"@type":"WebSite","@id":"https:\/\/granlenceria.es\/blog\/#website","url":"https:\/\/granlenceria.es\/blog\/","name":"Blog de GranLenceria","description":"El blog de la lenceria de tallas grandes","publisher":{"@id":"https:\/\/granlenceria.es\/blog\/#organization"},"potentialAction":[{"@type":"SearchAction","target":{"@type":"EntryPoint","urlTemplate":"https:\/\/granlenceria.es\/blog\/?s={search_term_string}"},"query-input":{"@type":"PropertyValueSpecification","valueRequired":true,"valueName":"search_term_string"}}],"inLanguage":"es"},{"@type":"Organization","@id":"https:\/\/granlenceria.es\/blog\/#organization","name":"GranLenceria.es","url":"https:\/\/granlenceria.es\/blog\/","logo":{"@type":"ImageObject","inLanguage":"es","@id":"https:\/\/granlenceria.es\/blog\/#\/schema\/logo\/image\/","url":"https:\/\/granlenceria.es\/blog\/wp-content\/uploads\/2015\/10\/cropped-logo.es-2.jpg","contentUrl":"https:\/\/granlenceria.es\/blog\/wp-content\/uploads\/2015\/10\/cropped-logo.es-2.jpg","width":270,"height":80,"caption":"GranLenceria.es"},"image":{"@id":"https:\/\/granlenceria.es\/blog\/#\/schema\/logo\/image\/"},"sameAs":["https:\/\/www.facebook.com\/granlenceria.es\/","https:\/\/x.com\/GranLenceria_es","https:\/\/www.instagram.com\/granlenceria\/","https:\/\/www.youtube.com\/channel\/UCBi0cJfMXIqNY62iHqezQkQ"]},{"@type":"Person","@id":"https:\/\/granlenceria.es\/blog\/#\/schema\/person\/738718f0a797cdf3600619d4c6bf9ead","name":"Raquel","image":{"@type":"ImageObject","inLanguage":"es","@id":"https:\/\/granlenceria.es\/blog\/#\/schema\/person\/image\/","url":"https:\/\/secure.gravatar.com\/avatar\/18a3c17aa5fae2fec44b6dd72c66eadd6d1ab230e2d4040d7ac60fde67daa476?s=96&d=mm&r=g","contentUrl":"https:\/\/secure.gravatar.com\/avatar\/18a3c17aa5fae2fec44b6dd72c66eadd6d1ab230e2d4040d7ac60fde67daa476?s=96&d=mm&r=g","caption":"Raquel"}}]}},"_links":{"self":[{"href":"https:\/\/granlenceria.es\/blog\/wp-json\/wp\/v2\/posts\/5932","targetHints":{"allow":["GET"]}}],"collection":[{"href":"https:\/\/granlenceria.es\/blog\/wp-json\/wp\/v2\/posts"}],"about":[{"href":"https:\/\/granlenceria.es\/blog\/wp-json\/wp\/v2\/types\/post"}],"author":[{"embeddable":true,"href":"https:\/\/granlenceria.es\/blog\/wp-json\/wp\/v2\/users\/2"}],"replies":[{"embeddable":true,"href":"https:\/\/granlenceria.es\/blog\/wp-json\/wp\/v2\/comments?post=5932"}],"version-history":[{"count":4,"href":"https:\/\/granlenceria.es\/blog\/wp-json\/wp\/v2\/posts\/5932\/revisions"}],"predecessor-version":[{"id":6049,"href":"https:\/\/granlenceria.es\/blog\/wp-json\/wp\/v2\/posts\/5932\/revisions\/6049"}],"wp:attachment":[{"href":"https:\/\/granlenceria.es\/blog\/wp-json\/wp\/v2\/media?parent=5932"}],"wp:term":[{"taxonomy":"category","embeddable":true,"href":"https:\/\/granlenceria.es\/blog\/wp-json\/wp\/v2\/categories?post=5932"},{"taxonomy":"post_tag","embeddable":true,"href":"https:\/\/granlenceria.es\/blog\/wp-json\/wp\/v2\/tags?post=5932"}],"curies":[{"name":"wp","href":"https:\/\/api.w.org\/{rel}","templated":true}]}}