{"id":5731,"date":"2022-10-21T16:20:00","date_gmt":"2022-10-21T14:20:00","guid":{"rendered":"https:\/\/granlenceria.es\/blog\/?p=5731"},"modified":"2026-02-03T16:40:46","modified_gmt":"2026-02-03T15:40:46","slug":"a-partir-de-que-talla-es-pecho-grande","status":"publish","type":"post","link":"https:\/\/granlenceria.es\/blog\/a-partir-de-que-talla-es-pecho-grande\/","title":{"rendered":"\u00bfA partir de qu\u00e9 talla se considera que un pecho es grande?"},"content":{"rendered":"\n<p>Es raro encontrar a una mujer conforme con su cuerpo, a\u00fan m\u00e1s con su pecho. Y es muy com\u00fan encontrar mujeres que quieren el pecho m\u00e1s peque\u00f1o, pero, \u00bfA partir de qu\u00e9 talla se considera que un pecho es grande? <strong>Un pecho se considera grande a partir de la copa H<\/strong>, siempre teniendo en cuenta la proporci\u00f3n con el contorno.<\/p>\n\n\n\n<div id=\"ez-toc-container\" class=\"ez-toc-v2_0_85 counter-hierarchy ez-toc-counter ez-toc-grey ez-toc-container-direction\">\n<div class=\"ez-toc-title-container\">\n<p class=\"ez-toc-title\" style=\"cursor:inherit\">\u00bfQu\u00e9 vas a ver?<\/p>\n<span class=\"ez-toc-title-toggle\"><a href=\"#\" class=\"ez-toc-pull-right ez-toc-btn ez-toc-btn-xs ez-toc-btn-default ez-toc-toggle\" aria-label=\"Alternar tabla de contenidos\"><span class=\"ez-toc-js-icon-con\"><span class=\"\"><span class=\"eztoc-hide\" style=\"display:none;\">Toggle<\/span><span class=\"ez-toc-icon-toggle-span\"><svg style=\"fill: #999;color:#999\" xmlns=\"http:\/\/www.w3.org\/2000\/svg\" class=\"list-377408\" width=\"20px\" height=\"20px\" viewBox=\"0 0 24 24\" fill=\"none\"><path d=\"M6 6H4v2h2V6zm14 0H8v2h12V6zM4 11h2v2H4v-2zm16 0H8v2h12v-2zM4 16h2v2H4v-2zm16 0H8v2h12v-2z\" fill=\"currentColor\"><\/path><\/svg><svg style=\"fill: #999;color:#999\" class=\"arrow-unsorted-368013\" xmlns=\"http:\/\/www.w3.org\/2000\/svg\" width=\"10px\" height=\"10px\" viewBox=\"0 0 24 24\" version=\"1.2\" baseProfile=\"tiny\"><path d=\"M18.2 9.3l-6.2-6.3-6.2 6.3c-.2.2-.3.4-.3.7s.1.5.3.7c.2.2.4.3.7.3h11c.3 0 .5-.1.7-.3.2-.2.3-.5.3-.7s-.1-.5-.3-.7zM5.8 14.7l6.2 6.3 6.2-6.3c.2-.2.3-.5.3-.7s-.1-.5-.3-.7c-.2-.2-.4-.3-.7-.3h-11c-.3 0-.5.1-.7.3-.2.2-.3.5-.3.7s.1.5.3.7z\"\/><\/svg><\/span><\/span><\/span><\/a><\/span><\/div>\n<nav><ul class='ez-toc-list ez-toc-list-level-1 ' ><li class='ez-toc-page-1 ez-toc-heading-level-2'><a class=\"ez-toc-link ez-toc-heading-1\" href=\"https:\/\/granlenceria.es\/blog\/a-partir-de-que-talla-es-pecho-grande\/#Diferencia_de_tamano_de_pecho_por_paises\" >Diferencia de tama\u00f1o de pecho por pa\u00edses<\/a><\/li><li class='ez-toc-page-1 ez-toc-heading-level-2'><a class=\"ez-toc-link ez-toc-heading-2\" href=\"https:\/\/granlenceria.es\/blog\/a-partir-de-que-talla-es-pecho-grande\/#Clasificacion_tamano_de_pecho_por_copas\" >Clasificaci\u00f3n tama\u00f1o de pecho por copas<\/a><\/li><li class='ez-toc-page-1 ez-toc-heading-level-2'><a class=\"ez-toc-link ez-toc-heading-3\" href=\"https:\/\/granlenceria.es\/blog\/a-partir-de-que-talla-es-pecho-grande\/#%C2%BFY_ahora_que_talla_de_sujetador_vas_a_usar\" >\u00bfY ahora, qu\u00e9 talla de sujetador vas a usar?<\/a><\/li><\/ul><\/nav><\/div>\n<h2 class=\"wp-block-heading\"><span class=\"ez-toc-section\" id=\"Diferencia_de_tamano_de_pecho_por_paises\"><\/span>Diferencia de tama\u00f1o de pecho por pa\u00edses<span class=\"ez-toc-section-end\"><\/span><\/h2>\n\n\n\n<p>Creo que para hablar de este tema es muy importante trabajar en el origen de cada mujer.&nbsp;<strong>No tenemos el mismo cuerpo medio las espa\u00f1olas, que las orientales, las noruegas o las americanas<\/strong>.&nbsp;Cuando en un pa\u00eds la altura media es 1,5m en otro es de 1,7m y en otro est\u00e1 en medio.&nbsp;Hay zonas donde predominan los ojos claros, mientras que aqu\u00ed ganan los marrones.&nbsp;Lo mismo pasa con el resto del cuerpo, en unos sitios hay m\u00e1s culonas, en otros predominan los hombros anchos y en otras las cinturas muy estrechas.&nbsp;Pues el pecho no va a ser una excepci\u00f3n.&nbsp;Hay paises en los que la mayoria estan muy planas y en otros que la mayoria son pechugonas.&nbsp;Y, \u00bfC\u00f3mo andamos de tama\u00f1o de tetas las espa\u00f1olas?<\/p>\n\n\n\n<p>Aqu\u00ed toca hablar de la discrepancia entre la talla que llevamos las espa\u00f1olas y la talla que deber\u00edamos llevar. M\u00e1s del 70% lleva una talla incorrecta.<\/p>\n\n\n\n<figure class=\"wp-block-image size-large\"><a href=\"https:\/\/granlenceria.es\/12-sujetadores ?utm_source=blog &amp;utm_medium=cta &amp;utm_campaign=categoria_sujetadores &amp;utm_content=cta_articulo_blog\" target=\"_blank\" rel=\" noreferrer noopener\"><img decoding=\"async\" width=\"1024\" height=\"256\" src=\"https:\/\/granlenceria.es\/blog\/wp-content\/uploads\/2024\/01\/Banner-Electronica-y-Tecnologia-Exhibicion-Moderno-Retractable-Azul-y-Rosa-1024x256.jpg\" alt=\"\" class=\"wp-image-5818\" srcset=\"https:\/\/granlenceria.es\/blog\/wp-content\/uploads\/2024\/01\/Banner-Electronica-y-Tecnologia-Exhibicion-Moderno-Retractable-Azul-y-Rosa-1024x256.jpg 1024w, https:\/\/granlenceria.es\/blog\/wp-content\/uploads\/2024\/01\/Banner-Electronica-y-Tecnologia-Exhibicion-Moderno-Retractable-Azul-y-Rosa-300x75.jpg 300w, https:\/\/granlenceria.es\/blog\/wp-content\/uploads\/2024\/01\/Banner-Electronica-y-Tecnologia-Exhibicion-Moderno-Retractable-Azul-y-Rosa-768x192.jpg 768w, https:\/\/granlenceria.es\/blog\/wp-content\/uploads\/2024\/01\/Banner-Electronica-y-Tecnologia-Exhibicion-Moderno-Retractable-Azul-y-Rosa-1536x384.jpg 1536w, https:\/\/granlenceria.es\/blog\/wp-content\/uploads\/2024\/01\/Banner-Electronica-y-Tecnologia-Exhibicion-Moderno-Retractable-Azul-y-Rosa-2048x512.jpg 2048w\" sizes=\"(max-width: 1024px) 100vw, 1024px\" \/><\/a><\/figure>\n\n\n\n<p>Te dejo un mapa con <strong>las tallas m\u00e1s vendidas por pa\u00edses en Europa<\/strong>.<\/p>\n\n\n<div class=\"wp-block-image\">\n<figure class=\"aligncenter size-full is-resized\"><a href=\"https:\/\/granlenceria.es\/blog\/wp-content\/uploads\/2022\/10\/AverageBreastCupSizeintheWorld-1.jpg\"><img decoding=\"async\" width=\"615\" height=\"345\" src=\"https:\/\/granlenceria.es\/blog\/wp-content\/uploads\/2022\/10\/AverageBreastCupSizeintheWorld-1.jpg\" alt=\"talla pecho grande\" class=\"wp-image-4969\" style=\"aspect-ratio:1.7826086956521738;width:943px;height:auto\" srcset=\"https:\/\/granlenceria.es\/blog\/wp-content\/uploads\/2022\/10\/AverageBreastCupSizeintheWorld-1.jpg 615w, https:\/\/granlenceria.es\/blog\/wp-content\/uploads\/2022\/10\/AverageBreastCupSizeintheWorld-1-300x168.jpg 300w\" sizes=\"(max-width: 615px) 100vw, 615px\" \/><\/a><\/figure>\n<\/div>\n\n\n<p>Como puedes ver, en Espa\u00f1a la talla de copa m\u00e1s vendida es la copa B. \u00bfEsto hace que sea la talla media de las espa\u00f1olas o la talla que necesitamos?&nbsp;No, no y rotundamente no.&nbsp;La falta de cultura de sujetador hace que seamos unas de las que m\u00e1s desconozcamos nuestra talla, porque la realidad dice que&#8230;<\/p>\n\n\n\n<p><strong>El 70% de las espa\u00f1olas necesitar\u00edan llevarse entre la copa D y la copa H<\/strong>. Recuerda que la talla de copa nos indica una proporci\u00f3n entre el volumen del pecho y el contorno, te lo explica&nbsp;<a href=\"https:\/\/granlenceria.es\/blog\/una-copa-d-muchos-tamanos-diferentes\/\" target=\"_blank\" rel=\"noreferrer noopener\">aqu\u00ed<\/a>&nbsp;.&nbsp;Eso hace que, para nosotras,<strong> la talla media de sujetador en Espa\u00f1a sea la copa D, la copa E, la copa F, la copa G y la copa H<\/strong>.&nbsp;Principalmente hablar\u00edamos como talla media de sujetador en Espa\u00f1a las copas F y G. De talla de contorno, teniendo en cuenta que hay informes que dicen que la talla media de ropa en Espa\u00f1a es la 42, hablar\u00edamos de contorno 90. Si me tengo que decantar como talla media de sujetador en Espa\u00f1a solo por una de las 200 tallas que existen, dir\u00eda que es la 90F. Pero como he comentado antes, nada tiene que ver que esa sea la talla media que m\u00e1s mujeres espa\u00f1olas necesitan, con que sea la m\u00e1s usada.<\/p>\n\n\n\n<p>Por si acaso surgen discrepancias que sepas que te estoy dando mi opini\u00f3n desde mi l\u00f3gica.&nbsp;Que no s\u00e9 qui\u00e9n estipula los c\u00e1nones de belleza y cu\u00e1les son las tallas normativas y no normativas.&nbsp;Este art\u00edculo lo escribo con los datos que hay sobre nuestro cuerpo y la experiencia de 7 a\u00f1os dedic\u00e1ndome a tallar mujeres de una manera en la que el aro no se clava en la mama.&nbsp;Que si incrustamos los aros sobre las mamas, dejamos que el pecho sobre salga por todas partes y llevamos el contorno enorme, la B nos va maravillosa a todas.<\/p>\n\n\n<div class=\"wp-block-image\">\n<figure class=\"aligncenter size-large is-resized\"><a href=\"https:\/\/sendfox.com\/lp\/3op2zv\"><img decoding=\"async\" width=\"906\" height=\"1024\" src=\"https:\/\/granlenceria.es\/blog\/wp-content\/uploads\/2023\/10\/Asesorame-906x1024.jpg\" alt=\"\" class=\"wp-image-5610\" style=\"aspect-ratio:0.884765625;width:411px;height:auto\" srcset=\"https:\/\/granlenceria.es\/blog\/wp-content\/uploads\/2023\/10\/Asesorame-906x1024.jpg 906w, https:\/\/granlenceria.es\/blog\/wp-content\/uploads\/2023\/10\/Asesorame-266x300.jpg 266w, https:\/\/granlenceria.es\/blog\/wp-content\/uploads\/2023\/10\/Asesorame-768x868.jpg 768w, https:\/\/granlenceria.es\/blog\/wp-content\/uploads\/2023\/10\/Asesorame.jpg 1080w\" sizes=\"(max-width: 906px) 100vw, 906px\" \/><\/a><\/figure>\n<\/div>\n\n\n<h2 class=\"wp-block-heading\"><span class=\"ez-toc-section\" id=\"Clasificacion_tamano_de_pecho_por_copas\"><\/span>Clasificaci\u00f3n tama\u00f1o de pecho por copas<span class=\"ez-toc-section-end\"><\/span><\/h2>\n\n\n\n<p>El caso es que si el 70% de las espa\u00f1olas podr\u00eda llevar esas tallas, lo normal ser\u00e1 pensar, que son las tallas medias.&nbsp;Ahora s\u00ed, haciendo una divisi\u00f3n en pechos peque\u00f1os, pechos medios, pechos grandes y pechos muy grandes, queda as\u00ed la cosa:<\/p>\n\n\n\n<figure class=\"wp-block-table\"><table class=\"has-fixed-layout\"><thead><tr><td><strong>Clasificaci\u00f3n<\/strong><\/td><td><strong>Copas<\/strong><\/td><td><strong>Percepci\u00f3n visual<\/strong><\/td><\/tr><\/thead><tbody><tr><td><strong>Pechos Peque\u00f1os<\/strong><\/td><td>AA, A, B, C<\/td><td>Volumen discreto, poca profundidad.<\/td><\/tr><tr><td><strong>Pechos Medios<\/strong><\/td><td>D, E, F, G<\/td><td>Volumen est\u00e1ndar, la media real en Espa\u00f1a.<\/td><\/tr><tr><td><strong>Pechos Grandes<\/strong><\/td><td>H, I, J, K<\/td><td>Volumen prominente, requiere mayor soporte.<\/td><\/tr><tr><td><strong>Pechos Muy Grandes<\/strong><\/td><td>L, M, N, O<\/td><td>Gran volumen, necesidad de patrones espec\u00edficos.<\/td><\/tr><\/tbody><\/table><\/figure>\n\n\n\n<p><strong>\u00bfA partir de qu\u00e9 tama\u00f1o de pecho se considera que el pecho es grande?<\/strong>&nbsp;Para m\u00ed ser\u00eda a <strong>partir de una copa H<\/strong>;&nbsp;aunque sigue siendo una de las tallas medias necesitada por las espa\u00f1olas.&nbsp;<\/p>\n\n\n\n<p>Este an\u00e1lisis se basa en datos antropom\u00e9tricos actuales y en mis <strong>10 a\u00f1os de experiencia como asesora de bra fitting<\/strong>, ayudando a mujeres a encontrar sujetadores donde el aro no se clava y el pecho no sobresale. Aunque como hay mujeres que a\u00fan aseguran que con kilo y medio de peso en cada pecho necesitan la copa D, aprovecho para preguntarte si sab\u00edas que un solo pecho de una mujer con talla 90H pesa 920 gramos. (Ver <a href=\"https:\/\/granlenceria.es\/blog\/no-te-vas-a-creer-lo-que-pesa-tu-pecho\/ ?utm_source=blog &amp;utm_medium=internal_link &amp;utm_campaign=serie_talla_real &amp;utm_content=link_desde_articulo_pecho_es_grande\" target=\"_blank\" rel=\"noreferrer noopener\">cu\u00e1nto pesan los pechos por talla)<\/a>.<\/p>\n\n\n<div class=\"wp-block-image\">\n<figure class=\"aligncenter size-large is-resized\"><a href=\"https:\/\/sendfox.com\/lp\/mnnjgl\"><img decoding=\"async\" width=\"1024\" height=\"1024\" src=\"https:\/\/granlenceria.es\/blog\/wp-content\/uploads\/2023\/09\/Teal-and-Pink-Music-App-Subscription-Discount-Instagram-Post-1-1024x1024.jpg\" alt=\"\" class=\"wp-image-5575\" style=\"aspect-ratio:1;width:400px;height:auto\" srcset=\"https:\/\/granlenceria.es\/blog\/wp-content\/uploads\/2023\/09\/Teal-and-Pink-Music-App-Subscription-Discount-Instagram-Post-1-1024x1024.jpg 1024w, https:\/\/granlenceria.es\/blog\/wp-content\/uploads\/2023\/09\/Teal-and-Pink-Music-App-Subscription-Discount-Instagram-Post-1-300x300.jpg 300w, https:\/\/granlenceria.es\/blog\/wp-content\/uploads\/2023\/09\/Teal-and-Pink-Music-App-Subscription-Discount-Instagram-Post-1-150x150.jpg 150w, https:\/\/granlenceria.es\/blog\/wp-content\/uploads\/2023\/09\/Teal-and-Pink-Music-App-Subscription-Discount-Instagram-Post-1-768x768.jpg 768w, https:\/\/granlenceria.es\/blog\/wp-content\/uploads\/2023\/09\/Teal-and-Pink-Music-App-Subscription-Discount-Instagram-Post-1.jpg 1080w\" sizes=\"(max-width: 1024px) 100vw, 1024px\" \/><\/a><\/figure>\n<\/div>\n\n\n<h2 class=\"wp-block-heading\"><span class=\"ez-toc-section\" id=\"%C2%BFY_ahora_que_talla_de_sujetador_vas_a_usar\"><\/span>\u00bfY ahora, qu\u00e9 talla de sujetador vas a usar?<span class=\"ez-toc-section-end\"><\/span><\/h2>\n\n\n\n<p>Si crees que tienes mucho pecho pero usas una copa C o D, es muy probable que est\u00e9s en el 70% de mujeres con una talla err\u00f3nea. No dejes que el sujetador te cause complejos.<\/p>\n\n\n\n<p>Te dejo mi\u00a0<a href=\"https:\/\/granlenceria.es\/blog\/calculadora-talla\/\">calculadora <\/a><a href=\"https:\/\/granlenceria.es\/calculadora-tallas\/ ?utm_source=blog &amp;utm_medium=cta &amp;utm_campaign=calculadora_6_medidas &amp;utm_content=cta_articulo_pecho_es_grande\" target=\"_blank\" rel=\"noreferrer noopener\">de <\/a><a href=\"https:\/\/granlenceria.es\/blog\/calculadora-talla\/\" target=\"_blank\" rel=\"noreferrer noopener\">talla de sujetador<\/a> \u00a0para que lo descubras y te propongo que cojas cita para hacer una\u00a0<a href=\"https:\/\/granlenceria.es\/asesoria\/ ?utm_source=blog &amp;utm_medium=cta &amp;utm_campaign=asesoria_bra_fitting &amp;utm_content=cta_articulo_pecho_es_grande\">asesor\u00eda online<\/a>\u00a0para que pueda ense\u00f1arte con qu\u00e9 talla y patrones de sujetador tus pechos (del tama\u00f1o que sean) ser\u00e1n c\u00f3modos y bien sujetos.<\/p>\n","protected":false},"excerpt":{"rendered":"<p>Es raro encontrar a una mujer conforme con su cuerpo, a\u00fan m\u00e1s con su pecho. Y es muy com\u00fan encontrar mujeres que quieren el pecho m\u00e1s peque\u00f1o, pero, \u00bfA partir de qu\u00e9 talla se considera que un pecho es grande? Un pecho se considera grande a partir de la copa H, siempre teniendo en cuenta [&hellip;]<\/p>\n","protected":false},"author":2,"featured_media":4980,"comment_status":"open","ping_status":"open","sticky":false,"template":"","format":"standard","meta":{"rop_custom_images_group":[],"rop_custom_messages_group":[],"rop_publish_now":"initial","rop_publish_now_accounts":{"twitter_4001688147_4001688147":""},"rop_publish_now_history":[],"rop_publish_now_status":"pending","_exactmetrics_skip_tracking":false,"_genesis_hide_title":false,"_genesis_hide_breadcrumbs":false,"_genesis_hide_singular_image":false,"_genesis_hide_footer_widgets":false,"_genesis_custom_body_class":"","_genesis_custom_post_class":"","_genesis_layout":"","_themeisle_gutenberg_block_has_review":false,"footnotes":""},"categories":[10],"tags":[],"class_list":{"0":"post-5731","1":"post","2":"type-post","3":"status-publish","4":"format-standard","5":"has-post-thumbnail","7":"category-informacion","8":"entry"},"yoast_head":"<!-- This site is optimized with the Yoast SEO plugin v28.1 - https:\/\/yoast.com\/product\/yoast-seo-wordpress\/ -->\n<title>\u00bfA partir de qu\u00e9 talla se considera el pecho grande? | Gu\u00eda de Copas<\/title>\n<meta name=\"description\" content=\"Descubre si realmente tienes el pecho grande o si usas la talla incorrecta. Gu\u00eda de copas (A-O), pesos reales y c\u00f3mo medir tu talla de sujetador.\" \/>\n<meta name=\"robots\" content=\"index, follow, max-snippet:-1, max-image-preview:large, max-video-preview:-1\" \/>\n<link rel=\"canonical\" href=\"https:\/\/granlenceria.es\/blog\/a-partir-de-que-talla-es-pecho-grande\/\" \/>\n<meta property=\"og:locale\" content=\"es_ES\" \/>\n<meta property=\"og:type\" content=\"article\" \/>\n<meta property=\"og:title\" content=\"\u00bfA partir de qu\u00e9 talla se considera el pecho grande? | Gu\u00eda de Copas\" \/>\n<meta property=\"og:description\" content=\"Descubre si realmente tienes el pecho grande o si usas la talla incorrecta. Gu\u00eda de copas (A-O), pesos reales y c\u00f3mo medir tu talla de sujetador.\" \/>\n<meta property=\"og:url\" content=\"https:\/\/granlenceria.es\/blog\/a-partir-de-que-talla-es-pecho-grande\/\" \/>\n<meta property=\"og:site_name\" content=\"Blog de GranLenceria\" \/>\n<meta property=\"article:publisher\" content=\"https:\/\/www.facebook.com\/granlenceria.es\/\" \/>\n<meta property=\"article:published_time\" content=\"2022-10-21T14:20:00+00:00\" \/>\n<meta property=\"article:modified_time\" content=\"2026-02-03T15:40:46+00:00\" \/>\n<meta property=\"og:image\" content=\"https:\/\/granlenceria.es\/blog\/wp-content\/uploads\/2022\/10\/sujetador-gigante.jpg\" \/>\n\t<meta property=\"og:image:width\" content=\"225\" \/>\n\t<meta property=\"og:image:height\" content=\"225\" \/>\n\t<meta property=\"og:image:type\" content=\"image\/jpeg\" \/>\n<meta name=\"author\" content=\"Raquel\" \/>\n<meta name=\"twitter:card\" content=\"summary_large_image\" \/>\n<meta name=\"twitter:creator\" content=\"@GranLenceria_es\" \/>\n<meta name=\"twitter:site\" content=\"@GranLenceria_es\" \/>\n<meta name=\"twitter:label1\" content=\"Escrito por\" \/>\n\t<meta name=\"twitter:data1\" content=\"Raquel\" \/>\n\t<meta name=\"twitter:label2\" content=\"Tiempo de lectura\" \/>\n\t<meta name=\"twitter:data2\" content=\"6 minutos\" \/>\n<script type=\"application\/ld+json\" class=\"yoast-schema-graph\">{\"@context\":\"https:\\\/\\\/schema.org\",\"@graph\":[{\"@type\":\"Article\",\"@id\":\"https:\\\/\\\/granlenceria.es\\\/blog\\\/a-partir-de-que-talla-es-pecho-grande\\\/#article\",\"isPartOf\":{\"@id\":\"https:\\\/\\\/granlenceria.es\\\/blog\\\/a-partir-de-que-talla-es-pecho-grande\\\/\"},\"author\":{\"name\":\"Raquel\",\"@id\":\"https:\\\/\\\/granlenceria.es\\\/blog\\\/#\\\/schema\\\/person\\\/738718f0a797cdf3600619d4c6bf9ead\"},\"headline\":\"\u00bfA partir de qu\u00e9 talla se considera que un pecho es grande?\",\"datePublished\":\"2022-10-21T14:20:00+00:00\",\"dateModified\":\"2026-02-03T15:40:46+00:00\",\"mainEntityOfPage\":{\"@id\":\"https:\\\/\\\/granlenceria.es\\\/blog\\\/a-partir-de-que-talla-es-pecho-grande\\\/\"},\"wordCount\":952,\"commentCount\":2,\"publisher\":{\"@id\":\"https:\\\/\\\/granlenceria.es\\\/blog\\\/#organization\"},\"image\":{\"@id\":\"https:\\\/\\\/granlenceria.es\\\/blog\\\/a-partir-de-que-talla-es-pecho-grande\\\/#primaryimage\"},\"thumbnailUrl\":\"https:\\\/\\\/granlenceria.es\\\/blog\\\/wp-content\\\/uploads\\\/2022\\\/10\\\/sujetador-gigante.jpg\",\"articleSection\":[\"Informaci\u00f3n lencera\"],\"inLanguage\":\"es\",\"potentialAction\":[{\"@type\":\"CommentAction\",\"name\":\"Comment\",\"target\":[\"https:\\\/\\\/granlenceria.es\\\/blog\\\/a-partir-de-que-talla-es-pecho-grande\\\/#respond\"]}]},{\"@type\":\"WebPage\",\"@id\":\"https:\\\/\\\/granlenceria.es\\\/blog\\\/a-partir-de-que-talla-es-pecho-grande\\\/\",\"url\":\"https:\\\/\\\/granlenceria.es\\\/blog\\\/a-partir-de-que-talla-es-pecho-grande\\\/\",\"name\":\"\u00bfA partir de qu\u00e9 talla se considera el pecho grande? | Gu\u00eda de Copas\",\"isPartOf\":{\"@id\":\"https:\\\/\\\/granlenceria.es\\\/blog\\\/#website\"},\"primaryImageOfPage\":{\"@id\":\"https:\\\/\\\/granlenceria.es\\\/blog\\\/a-partir-de-que-talla-es-pecho-grande\\\/#primaryimage\"},\"image\":{\"@id\":\"https:\\\/\\\/granlenceria.es\\\/blog\\\/a-partir-de-que-talla-es-pecho-grande\\\/#primaryimage\"},\"thumbnailUrl\":\"https:\\\/\\\/granlenceria.es\\\/blog\\\/wp-content\\\/uploads\\\/2022\\\/10\\\/sujetador-gigante.jpg\",\"datePublished\":\"2022-10-21T14:20:00+00:00\",\"dateModified\":\"2026-02-03T15:40:46+00:00\",\"description\":\"Descubre si realmente tienes el pecho grande o si usas la talla incorrecta. Gu\u00eda de copas (A-O), pesos reales y c\u00f3mo medir tu talla de sujetador.\",\"breadcrumb\":{\"@id\":\"https:\\\/\\\/granlenceria.es\\\/blog\\\/a-partir-de-que-talla-es-pecho-grande\\\/#breadcrumb\"},\"inLanguage\":\"es\",\"potentialAction\":[{\"@type\":\"ReadAction\",\"target\":[\"https:\\\/\\\/granlenceria.es\\\/blog\\\/a-partir-de-que-talla-es-pecho-grande\\\/\"]}]},{\"@type\":\"ImageObject\",\"inLanguage\":\"es\",\"@id\":\"https:\\\/\\\/granlenceria.es\\\/blog\\\/a-partir-de-que-talla-es-pecho-grande\\\/#primaryimage\",\"url\":\"https:\\\/\\\/granlenceria.es\\\/blog\\\/wp-content\\\/uploads\\\/2022\\\/10\\\/sujetador-gigante.jpg\",\"contentUrl\":\"https:\\\/\\\/granlenceria.es\\\/blog\\\/wp-content\\\/uploads\\\/2022\\\/10\\\/sujetador-gigante.jpg\",\"width\":225,\"height\":225,\"caption\":\"talla grande sujetador\"},{\"@type\":\"BreadcrumbList\",\"@id\":\"https:\\\/\\\/granlenceria.es\\\/blog\\\/a-partir-de-que-talla-es-pecho-grande\\\/#breadcrumb\",\"itemListElement\":[{\"@type\":\"ListItem\",\"position\":1,\"name\":\"Portada\",\"item\":\"https:\\\/\\\/granlenceria.es\\\/blog\\\/\"},{\"@type\":\"ListItem\",\"position\":2,\"name\":\"\u00bfA partir de qu\u00e9 talla se considera que un pecho es grande?\"}]},{\"@type\":\"WebSite\",\"@id\":\"https:\\\/\\\/granlenceria.es\\\/blog\\\/#website\",\"url\":\"https:\\\/\\\/granlenceria.es\\\/blog\\\/\",\"name\":\"Blog de GranLenceria\",\"description\":\"El blog de la lenceria de tallas grandes\",\"publisher\":{\"@id\":\"https:\\\/\\\/granlenceria.es\\\/blog\\\/#organization\"},\"potentialAction\":[{\"@type\":\"SearchAction\",\"target\":{\"@type\":\"EntryPoint\",\"urlTemplate\":\"https:\\\/\\\/granlenceria.es\\\/blog\\\/?s={search_term_string}\"},\"query-input\":{\"@type\":\"PropertyValueSpecification\",\"valueRequired\":true,\"valueName\":\"search_term_string\"}}],\"inLanguage\":\"es\"},{\"@type\":\"Organization\",\"@id\":\"https:\\\/\\\/granlenceria.es\\\/blog\\\/#organization\",\"name\":\"GranLenceria.es\",\"url\":\"https:\\\/\\\/granlenceria.es\\\/blog\\\/\",\"logo\":{\"@type\":\"ImageObject\",\"inLanguage\":\"es\",\"@id\":\"https:\\\/\\\/granlenceria.es\\\/blog\\\/#\\\/schema\\\/logo\\\/image\\\/\",\"url\":\"https:\\\/\\\/granlenceria.es\\\/blog\\\/wp-content\\\/uploads\\\/2015\\\/10\\\/cropped-logo.es-2.jpg\",\"contentUrl\":\"https:\\\/\\\/granlenceria.es\\\/blog\\\/wp-content\\\/uploads\\\/2015\\\/10\\\/cropped-logo.es-2.jpg\",\"width\":270,\"height\":80,\"caption\":\"GranLenceria.es\"},\"image\":{\"@id\":\"https:\\\/\\\/granlenceria.es\\\/blog\\\/#\\\/schema\\\/logo\\\/image\\\/\"},\"sameAs\":[\"https:\\\/\\\/www.facebook.com\\\/granlenceria.es\\\/\",\"https:\\\/\\\/x.com\\\/GranLenceria_es\",\"https:\\\/\\\/www.instagram.com\\\/granlenceria\\\/\",\"https:\\\/\\\/www.youtube.com\\\/channel\\\/UCBi0cJfMXIqNY62iHqezQkQ\"]},{\"@type\":\"Person\",\"@id\":\"https:\\\/\\\/granlenceria.es\\\/blog\\\/#\\\/schema\\\/person\\\/738718f0a797cdf3600619d4c6bf9ead\",\"name\":\"Raquel\",\"image\":{\"@type\":\"ImageObject\",\"inLanguage\":\"es\",\"@id\":\"https:\\\/\\\/secure.gravatar.com\\\/avatar\\\/18a3c17aa5fae2fec44b6dd72c66eadd6d1ab230e2d4040d7ac60fde67daa476?s=96&d=mm&r=g\",\"url\":\"https:\\\/\\\/secure.gravatar.com\\\/avatar\\\/18a3c17aa5fae2fec44b6dd72c66eadd6d1ab230e2d4040d7ac60fde67daa476?s=96&d=mm&r=g\",\"contentUrl\":\"https:\\\/\\\/secure.gravatar.com\\\/avatar\\\/18a3c17aa5fae2fec44b6dd72c66eadd6d1ab230e2d4040d7ac60fde67daa476?s=96&d=mm&r=g\",\"caption\":\"Raquel\"}}]}<\/script>\n<!-- \/ Yoast SEO plugin. -->","yoast_head_json":{"title":"\u00bfA partir de qu\u00e9 talla se considera el pecho grande? | Gu\u00eda de Copas","description":"Descubre si realmente tienes el pecho grande o si usas la talla incorrecta. Gu\u00eda de copas (A-O), pesos reales y c\u00f3mo medir tu talla de sujetador.","robots":{"index":"index","follow":"follow","max-snippet":"max-snippet:-1","max-image-preview":"max-image-preview:large","max-video-preview":"max-video-preview:-1"},"canonical":"https:\/\/granlenceria.es\/blog\/a-partir-de-que-talla-es-pecho-grande\/","og_locale":"es_ES","og_type":"article","og_title":"\u00bfA partir de qu\u00e9 talla se considera el pecho grande? | Gu\u00eda de Copas","og_description":"Descubre si realmente tienes el pecho grande o si usas la talla incorrecta. Gu\u00eda de copas (A-O), pesos reales y c\u00f3mo medir tu talla de sujetador.","og_url":"https:\/\/granlenceria.es\/blog\/a-partir-de-que-talla-es-pecho-grande\/","og_site_name":"Blog de GranLenceria","article_publisher":"https:\/\/www.facebook.com\/granlenceria.es\/","article_published_time":"2022-10-21T14:20:00+00:00","article_modified_time":"2026-02-03T15:40:46+00:00","og_image":[{"width":225,"height":225,"url":"https:\/\/granlenceria.es\/blog\/wp-content\/uploads\/2022\/10\/sujetador-gigante.jpg","type":"image\/jpeg"}],"author":"Raquel","twitter_card":"summary_large_image","twitter_creator":"@GranLenceria_es","twitter_site":"@GranLenceria_es","twitter_misc":{"Escrito por":"Raquel","Tiempo de lectura":"6 minutos"},"schema":{"@context":"https:\/\/schema.org","@graph":[{"@type":"Article","@id":"https:\/\/granlenceria.es\/blog\/a-partir-de-que-talla-es-pecho-grande\/#article","isPartOf":{"@id":"https:\/\/granlenceria.es\/blog\/a-partir-de-que-talla-es-pecho-grande\/"},"author":{"name":"Raquel","@id":"https:\/\/granlenceria.es\/blog\/#\/schema\/person\/738718f0a797cdf3600619d4c6bf9ead"},"headline":"\u00bfA partir de qu\u00e9 talla se considera que un pecho es grande?","datePublished":"2022-10-21T14:20:00+00:00","dateModified":"2026-02-03T15:40:46+00:00","mainEntityOfPage":{"@id":"https:\/\/granlenceria.es\/blog\/a-partir-de-que-talla-es-pecho-grande\/"},"wordCount":952,"commentCount":2,"publisher":{"@id":"https:\/\/granlenceria.es\/blog\/#organization"},"image":{"@id":"https:\/\/granlenceria.es\/blog\/a-partir-de-que-talla-es-pecho-grande\/#primaryimage"},"thumbnailUrl":"https:\/\/granlenceria.es\/blog\/wp-content\/uploads\/2022\/10\/sujetador-gigante.jpg","articleSection":["Informaci\u00f3n lencera"],"inLanguage":"es","potentialAction":[{"@type":"CommentAction","name":"Comment","target":["https:\/\/granlenceria.es\/blog\/a-partir-de-que-talla-es-pecho-grande\/#respond"]}]},{"@type":"WebPage","@id":"https:\/\/granlenceria.es\/blog\/a-partir-de-que-talla-es-pecho-grande\/","url":"https:\/\/granlenceria.es\/blog\/a-partir-de-que-talla-es-pecho-grande\/","name":"\u00bfA partir de qu\u00e9 talla se considera el pecho grande? | Gu\u00eda de Copas","isPartOf":{"@id":"https:\/\/granlenceria.es\/blog\/#website"},"primaryImageOfPage":{"@id":"https:\/\/granlenceria.es\/blog\/a-partir-de-que-talla-es-pecho-grande\/#primaryimage"},"image":{"@id":"https:\/\/granlenceria.es\/blog\/a-partir-de-que-talla-es-pecho-grande\/#primaryimage"},"thumbnailUrl":"https:\/\/granlenceria.es\/blog\/wp-content\/uploads\/2022\/10\/sujetador-gigante.jpg","datePublished":"2022-10-21T14:20:00+00:00","dateModified":"2026-02-03T15:40:46+00:00","description":"Descubre si realmente tienes el pecho grande o si usas la talla incorrecta. Gu\u00eda de copas (A-O), pesos reales y c\u00f3mo medir tu talla de sujetador.","breadcrumb":{"@id":"https:\/\/granlenceria.es\/blog\/a-partir-de-que-talla-es-pecho-grande\/#breadcrumb"},"inLanguage":"es","potentialAction":[{"@type":"ReadAction","target":["https:\/\/granlenceria.es\/blog\/a-partir-de-que-talla-es-pecho-grande\/"]}]},{"@type":"ImageObject","inLanguage":"es","@id":"https:\/\/granlenceria.es\/blog\/a-partir-de-que-talla-es-pecho-grande\/#primaryimage","url":"https:\/\/granlenceria.es\/blog\/wp-content\/uploads\/2022\/10\/sujetador-gigante.jpg","contentUrl":"https:\/\/granlenceria.es\/blog\/wp-content\/uploads\/2022\/10\/sujetador-gigante.jpg","width":225,"height":225,"caption":"talla grande sujetador"},{"@type":"BreadcrumbList","@id":"https:\/\/granlenceria.es\/blog\/a-partir-de-que-talla-es-pecho-grande\/#breadcrumb","itemListElement":[{"@type":"ListItem","position":1,"name":"Portada","item":"https:\/\/granlenceria.es\/blog\/"},{"@type":"ListItem","position":2,"name":"\u00bfA partir de qu\u00e9 talla se considera que un pecho es grande?"}]},{"@type":"WebSite","@id":"https:\/\/granlenceria.es\/blog\/#website","url":"https:\/\/granlenceria.es\/blog\/","name":"Blog de GranLenceria","description":"El blog de la lenceria de tallas grandes","publisher":{"@id":"https:\/\/granlenceria.es\/blog\/#organization"},"potentialAction":[{"@type":"SearchAction","target":{"@type":"EntryPoint","urlTemplate":"https:\/\/granlenceria.es\/blog\/?s={search_term_string}"},"query-input":{"@type":"PropertyValueSpecification","valueRequired":true,"valueName":"search_term_string"}}],"inLanguage":"es"},{"@type":"Organization","@id":"https:\/\/granlenceria.es\/blog\/#organization","name":"GranLenceria.es","url":"https:\/\/granlenceria.es\/blog\/","logo":{"@type":"ImageObject","inLanguage":"es","@id":"https:\/\/granlenceria.es\/blog\/#\/schema\/logo\/image\/","url":"https:\/\/granlenceria.es\/blog\/wp-content\/uploads\/2015\/10\/cropped-logo.es-2.jpg","contentUrl":"https:\/\/granlenceria.es\/blog\/wp-content\/uploads\/2015\/10\/cropped-logo.es-2.jpg","width":270,"height":80,"caption":"GranLenceria.es"},"image":{"@id":"https:\/\/granlenceria.es\/blog\/#\/schema\/logo\/image\/"},"sameAs":["https:\/\/www.facebook.com\/granlenceria.es\/","https:\/\/x.com\/GranLenceria_es","https:\/\/www.instagram.com\/granlenceria\/","https:\/\/www.youtube.com\/channel\/UCBi0cJfMXIqNY62iHqezQkQ"]},{"@type":"Person","@id":"https:\/\/granlenceria.es\/blog\/#\/schema\/person\/738718f0a797cdf3600619d4c6bf9ead","name":"Raquel","image":{"@type":"ImageObject","inLanguage":"es","@id":"https:\/\/secure.gravatar.com\/avatar\/18a3c17aa5fae2fec44b6dd72c66eadd6d1ab230e2d4040d7ac60fde67daa476?s=96&d=mm&r=g","url":"https:\/\/secure.gravatar.com\/avatar\/18a3c17aa5fae2fec44b6dd72c66eadd6d1ab230e2d4040d7ac60fde67daa476?s=96&d=mm&r=g","contentUrl":"https:\/\/secure.gravatar.com\/avatar\/18a3c17aa5fae2fec44b6dd72c66eadd6d1ab230e2d4040d7ac60fde67daa476?s=96&d=mm&r=g","caption":"Raquel"}}]}},"_links":{"self":[{"href":"https:\/\/granlenceria.es\/blog\/wp-json\/wp\/v2\/posts\/5731","targetHints":{"allow":["GET"]}}],"collection":[{"href":"https:\/\/granlenceria.es\/blog\/wp-json\/wp\/v2\/posts"}],"about":[{"href":"https:\/\/granlenceria.es\/blog\/wp-json\/wp\/v2\/types\/post"}],"author":[{"embeddable":true,"href":"https:\/\/granlenceria.es\/blog\/wp-json\/wp\/v2\/users\/2"}],"replies":[{"embeddable":true,"href":"https:\/\/granlenceria.es\/blog\/wp-json\/wp\/v2\/comments?post=5731"}],"version-history":[{"count":8,"href":"https:\/\/granlenceria.es\/blog\/wp-json\/wp\/v2\/posts\/5731\/revisions"}],"predecessor-version":[{"id":6273,"href":"https:\/\/granlenceria.es\/blog\/wp-json\/wp\/v2\/posts\/5731\/revisions\/6273"}],"wp:featuredmedia":[{"embeddable":true,"href":"https:\/\/granlenceria.es\/blog\/wp-json\/wp\/v2\/media\/4980"}],"wp:attachment":[{"href":"https:\/\/granlenceria.es\/blog\/wp-json\/wp\/v2\/media?parent=5731"}],"wp:term":[{"taxonomy":"category","embeddable":true,"href":"https:\/\/granlenceria.es\/blog\/wp-json\/wp\/v2\/categories?post=5731"},{"taxonomy":"post_tag","embeddable":true,"href":"https:\/\/granlenceria.es\/blog\/wp-json\/wp\/v2\/tags?post=5731"}],"curies":[{"name":"wp","href":"https:\/\/api.w.org\/{rel}","templated":true}]}}